{"id":80267,"date":"2020-08-30T17:35:51","date_gmt":"2020-08-30T20:35:51","guid":{"rendered":"https:\/\/eldiariodesanpedro.com.ar\/sitio\/?p=80267"},"modified":"2020-08-30T17:35:54","modified_gmt":"2020-08-30T20:35:54","slug":"pedido-de-oracion-a-los-sampedrinos-por-parte-de-la-pastoral-evangelica","status":"publish","type":"post","link":"https:\/\/eldiariodesanpedro.com.ar\/sitio\/pedido-de-oracion-a-los-sampedrinos-por-parte-de-la-pastoral-evangelica\/","title":{"rendered":"Pedido de oraci\u00f3n a los Sampedrinos por parte de la Pastoral Evang\u00e9lica"},"content":{"rendered":"<!-- VideographyWP Plugin Message: Automatic video embedding prevented by plugin options. -->\n\n<p>La Pastoral Evang\u00e9lica  de San Pedro emiti\u00f3 un comunicado para la sociedad invitando a realizar una oraci\u00f3n en busca de la misericordia para el pueblo argentino.<\/p>\n\n\n\n<p>\u00ab<em>Considerando la crisis resultado de la conocida Pandemia, y atentos al profundo dolor que se esta viviendo en tantas familias que han perdido un ser querido sin siquiera poder acompa\u00f1arlos en \u00a0sus \u00faltimos momentos, \u00a0la Pastoral Evang\u00e9lica solicita a los habitantes del suelo Sampedrino, a que sin distinci\u00f3n de bander\u00edas pol\u00edticas, religiosas o sociales, nos unamos para invocar la protecci\u00f3n de Dios como dice nuestra Constituci\u00f3n Nacional; buscando su misericordia sobre nosotros, para que se detenga este mal y para que las familias sean consoladas.<\/em><br><em>Dice la Biblia en San Juan 14:13 \u00a0que Jes\u00fas dijo: \u201cTodo lo que pidan al Padre en mi nombre, yo lo har\u00e8\u201d.<\/em><br><em>Es por esto que los invitamos a que por una semana digamos esta sencilla oraci\u00f3n:<\/em><br><em>Padre Celestial: En el Nombre de Jes\u00fas te pedimos que extiendas tu amor, tu compasi\u00f3n y protecci\u00f3n sobre todos nosotros.<\/em><br><em>\u00a0Nos duele la separaci\u00f3n de nuestros seres queridos. Hoy como nunca miramos hacia el cielo pidiendo tu intervenci\u00f3n. Por favor trae consuelo a tantas familias que est\u00e1n pasando por tristeza, angustia, enfermedad, desaliento, estr\u00e9s y profundo dolor. Abrazalos Se\u00f1or porque nosotros no podemos.<\/em><br><em>\u00a0Perdon\u00e0 nuestros pecados y aceptanos como hijos tuyos. Que Jesucristo sea el Se\u00f1or de nuestra vida y de esta tierra!!!<\/em><br><em>Te lo pedimos en el nombre de Jes\u00fas. Amen!!<\/em><\/p>\n\n\n\n<p><em>Creemos que la fe y la esperanza en Dios ser\u00e1 lo que cada da nos sostendr\u00e1 y nos ayudara a no bajar los brazos y seguir adelante!<\/em><\/p>\n\n\n\n<p><strong><em><u>San Pedro: Que el Se\u00f1or te bendiga y te guarde; El Se\u00f1or te mire con agrado y te extienda su amor; el Se\u00f1or te muestre su favor y te conceda la paz!!<\/u><\/em><\/strong> \u00ab<\/p>\n","protected":false},"excerpt":{"rendered":"<p>La Pastoral Evang\u00e9lica de San Pedro emiti\u00f3 un comunicado para la sociedad invitando a realizar una oraci\u00f3n en busca de la misericordia para el pueblo argentino. \u00abConsiderando la crisis resultado de la conocida Pandemia, y atentos al profundo dolor que se esta viviendo en tantas familias que han perdido un ser querido sin siquiera poder [&hellip;]<\/p>\n","protected":false},"author":4,"featured_media":80268,"comment_status":"open","ping_status":"closed","sticky":false,"template":"","format":"standard","meta":{"om_disable_all_campaigns":false,"_jetpack_memberships_contains_paid_content":false,"footnotes":""},"categories":[101,2],"tags":[197,696,33,19],"class_list":["post-80267","post","type-post","status-publish","format-standard","has-post-thumbnail","hentry","category-interes-general-locales","category-locales","tag-buenos-aires","tag-interes-general","tag-locales","tag-san-pedro"],"aioseo_notices":[],"gutentor_comment":0,"jetpack_featured_media_url":"https:\/\/eldiariodesanpedro.com.ar\/sitio\/wp-content\/uploads\/2020\/08\/oraci\u00f3n-11.jpg","jetpack_shortlink":"https:\/\/wp.me\/p6RhLt-kSD","jetpack_sharing_enabled":true,"_links":{"self":[{"href":"https:\/\/eldiariodesanpedro.com.ar\/sitio\/wp-json\/wp\/v2\/posts\/80267","targetHints":{"allow":["GET"]}}],"collection":[{"href":"https:\/\/eldiariodesanpedro.com.ar\/sitio\/wp-json\/wp\/v2\/posts"}],"about":[{"href":"https:\/\/eldiariodesanpedro.com.ar\/sitio\/wp-json\/wp\/v2\/types\/post"}],"author":[{"embeddable":true,"href":"https:\/\/eldiariodesanpedro.com.ar\/sitio\/wp-json\/wp\/v2\/users\/4"}],"replies":[{"embeddable":true,"href":"https:\/\/eldiariodesanpedro.com.ar\/sitio\/wp-json\/wp\/v2\/comments?post=80267"}],"version-history":[{"count":1,"href":"https:\/\/eldiariodesanpedro.com.ar\/sitio\/wp-json\/wp\/v2\/posts\/80267\/revisions"}],"predecessor-version":[{"id":80269,"href":"https:\/\/eldiariodesanpedro.com.ar\/sitio\/wp-json\/wp\/v2\/posts\/80267\/revisions\/80269"}],"wp:featuredmedia":[{"embeddable":true,"href":"https:\/\/eldiariodesanpedro.com.ar\/sitio\/wp-json\/wp\/v2\/media\/80268"}],"wp:attachment":[{"href":"https:\/\/eldiariodesanpedro.com.ar\/sitio\/wp-json\/wp\/v2\/media?parent=80267"}],"wp:term":[{"taxonomy":"category","embeddable":true,"href":"https:\/\/eldiariodesanpedro.com.ar\/sitio\/wp-json\/wp\/v2\/categories?post=80267"},{"taxonomy":"post_tag","embeddable":true,"href":"https:\/\/eldiariodesanpedro.com.ar\/sitio\/wp-json\/wp\/v2\/tags?post=80267"}],"curies":[{"name":"wp","href":"https:\/\/api.w.org\/{rel}","templated":true}]}}