{"id":80259,"date":"2020-08-30T16:59:57","date_gmt":"2020-08-30T19:59:57","guid":{"rendered":"https:\/\/eldiariodesanpedro.com.ar\/sitio\/?p=80259"},"modified":"2020-08-30T17:00:01","modified_gmt":"2020-08-30T20:00:01","slug":"declararon-de-interes-provincial-la-escalera-de-las-flores","status":"publish","type":"post","link":"https:\/\/eldiariodesanpedro.com.ar\/sitio\/declararon-de-interes-provincial-la-escalera-de-las-flores\/","title":{"rendered":"Declararon de inter\u00e9s provincial la Escalera de Las Flores"},"content":{"rendered":"<!-- VideographyWP Plugin Message: Automatic video embedding prevented by plugin options. -->\n\n<p>A partir de un proyecto presentado por la Diputada Provincial del Partido FE, Natalia S\u00e1nchez J\u00e1uregui, la Honorable C\u00e1mara de Diputados de la Provincia de Buenos Aires, declar\u00f3 De Inter\u00e9s Provincial, la intervenci\u00f3n art\u00edstica realizada en las barrancas de San Pedro por la Licenciada Mariana Maroli y la Arquitecta Mar\u00eda Luz Mendez.<br>La iniciativa que a trav\u00e9s de diferentes etapas fue respaldada por el Municipio y cont\u00f3 con la colaboraci\u00f3n de artistas invitados y cientos de voluntarios, gener\u00f3 la inquietud de la legisladora que destac\u00f3 en su proyecto el esfuerzo y dedicaci\u00f3n puestos de manifiesto para embellecer las barrancas de San Pedro.<\/p>\n\n\n\n<p>El aporte realizado para darle a ese paseo y a otros sectores de la ciudad es digno de este reconocimiento y seguramente luego de las medidas preventivas que rigen por la Pandemia, seguir\u00e1 haciendose visible en nuevos sectores de ese y otros espacios que recorren sampedrinos y turistas.<\/p>\n\n\n\n<figure class=\"wp-block-image size-large\"><img decoding=\"async\" width=\"720\" height=\"1280\" data-attachment-id=\"80260\" data-permalink=\"https:\/\/eldiariodesanpedro.com.ar\/sitio\/declararon-de-interes-provincial-la-escalera-de-las-flores\/whatsapp-image-2020-08-30-at-16-41-17\/\" data-orig-file=\"https:\/\/eldiariodesanpedro.com.ar\/sitio\/wp-content\/uploads\/2020\/08\/WhatsApp-Image-2020-08-30-at-16.41.17.jpeg\" data-orig-size=\"720,1280\" data-comments-opened=\"1\" data-image-meta=\"{&quot;aperture&quot;:&quot;0&quot;,&quot;credit&quot;:&quot;&quot;,&quot;camera&quot;:&quot;&quot;,&quot;caption&quot;:&quot;&quot;,&quot;created_timestamp&quot;:&quot;0&quot;,&quot;copyright&quot;:&quot;&quot;,&quot;focal_length&quot;:&quot;0&quot;,&quot;iso&quot;:&quot;0&quot;,&quot;shutter_speed&quot;:&quot;0&quot;,&quot;title&quot;:&quot;&quot;,&quot;orientation&quot;:&quot;0&quot;}\" data-image-title=\"WhatsApp-Image-2020-08-30-at-16.41.17\" data-image-description=\"\" data-image-caption=\"\" data-large-file=\"https:\/\/eldiariodesanpedro.com.ar\/sitio\/wp-content\/uploads\/2020\/08\/WhatsApp-Image-2020-08-30-at-16.41.17-576x1024.jpeg\" data-src=\"https:\/\/i1.wp.com\/eldiariodesanpedro.com.ar\/sitio\/wp-content\/uploads\/2020\/08\/WhatsApp-Image-2020-08-30-at-16.41.17.jpeg?fit=576%2C1024&amp;ssl=1\" alt=\"\" class=\"wp-image-80260 lazyload\" data-srcset=\"https:\/\/eldiariodesanpedro.com.ar\/sitio\/wp-content\/uploads\/2020\/08\/WhatsApp-Image-2020-08-30-at-16.41.17.jpeg 720w, https:\/\/eldiariodesanpedro.com.ar\/sitio\/wp-content\/uploads\/2020\/08\/WhatsApp-Image-2020-08-30-at-16.41.17-169x300.jpeg 169w, https:\/\/eldiariodesanpedro.com.ar\/sitio\/wp-content\/uploads\/2020\/08\/WhatsApp-Image-2020-08-30-at-16.41.17-576x1024.jpeg 576w\" data-sizes=\"(max-width: 720px) 100vw, 720px\" src=\"data:image\/svg+xml;base64,PHN2ZyB3aWR0aD0iMSIgaGVpZ2h0PSIxIiB4bWxucz0iaHR0cDovL3d3dy53My5vcmcvMjAwMC9zdmciPjwvc3ZnPg==\" style=\"--smush-placeholder-width: 720px; --smush-placeholder-aspect-ratio: 720\/1280;\" \/><\/figure>\n","protected":false},"excerpt":{"rendered":"<p>A partir de un proyecto presentado por la Diputada Provincial del Partido FE, Natalia S\u00e1nchez J\u00e1uregui, la Honorable C\u00e1mara de Diputados de la Provincia de Buenos Aires, declar\u00f3 De Inter\u00e9s Provincial, la intervenci\u00f3n art\u00edstica realizada en las barrancas de San Pedro por la Licenciada Mariana Maroli y la Arquitecta Mar\u00eda Luz Mendez.La iniciativa que a [&hellip;]<\/p>\n","protected":false},"author":4,"featured_media":80261,"comment_status":"open","ping_status":"closed","sticky":false,"template":"","format":"standard","meta":{"om_disable_all_campaigns":false,"_jetpack_memberships_contains_paid_content":false,"footnotes":""},"categories":[50,101,2],"tags":[197,696,33],"class_list":["post-80259","post","type-post","status-publish","format-standard","has-post-thumbnail","hentry","category-destacadas","category-interes-general-locales","category-locales","tag-buenos-aires","tag-interes-general","tag-locales"],"aioseo_notices":[],"gutentor_comment":0,"jetpack_featured_media_url":"https:\/\/eldiariodesanpedro.com.ar\/sitio\/wp-content\/uploads\/2020\/08\/WhatsApp-Image-2020-08-30-at-16.41.17-1.jpeg","jetpack_shortlink":"https:\/\/wp.me\/p6RhLt-kSv","jetpack_sharing_enabled":true,"_links":{"self":[{"href":"https:\/\/eldiariodesanpedro.com.ar\/sitio\/wp-json\/wp\/v2\/posts\/80259","targetHints":{"allow":["GET"]}}],"collection":[{"href":"https:\/\/eldiariodesanpedro.com.ar\/sitio\/wp-json\/wp\/v2\/posts"}],"about":[{"href":"https:\/\/eldiariodesanpedro.com.ar\/sitio\/wp-json\/wp\/v2\/types\/post"}],"author":[{"embeddable":true,"href":"https:\/\/eldiariodesanpedro.com.ar\/sitio\/wp-json\/wp\/v2\/users\/4"}],"replies":[{"embeddable":true,"href":"https:\/\/eldiariodesanpedro.com.ar\/sitio\/wp-json\/wp\/v2\/comments?post=80259"}],"version-history":[{"count":1,"href":"https:\/\/eldiariodesanpedro.com.ar\/sitio\/wp-json\/wp\/v2\/posts\/80259\/revisions"}],"predecessor-version":[{"id":80262,"href":"https:\/\/eldiariodesanpedro.com.ar\/sitio\/wp-json\/wp\/v2\/posts\/80259\/revisions\/80262"}],"wp:featuredmedia":[{"embeddable":true,"href":"https:\/\/eldiariodesanpedro.com.ar\/sitio\/wp-json\/wp\/v2\/media\/80261"}],"wp:attachment":[{"href":"https:\/\/eldiariodesanpedro.com.ar\/sitio\/wp-json\/wp\/v2\/media?parent=80259"}],"wp:term":[{"taxonomy":"category","embeddable":true,"href":"https:\/\/eldiariodesanpedro.com.ar\/sitio\/wp-json\/wp\/v2\/categories?post=80259"},{"taxonomy":"post_tag","embeddable":true,"href":"https:\/\/eldiariodesanpedro.com.ar\/sitio\/wp-json\/wp\/v2\/tags?post=80259"}],"curies":[{"name":"wp","href":"https:\/\/api.w.org\/{rel}","templated":true}]}}