{"id":80256,"date":"2020-08-30T16:20:54","date_gmt":"2020-08-30T19:20:54","guid":{"rendered":"https:\/\/eldiariodesanpedro.com.ar\/sitio\/?p=80256"},"modified":"2020-08-30T16:23:00","modified_gmt":"2020-08-30T19:23:00","slug":"la-policia-se-hizo-presente-en-varias-fiestas-clandestinas-y-una-de-ellas-en-zona-centrica-con-mas-de-20-personas","status":"publish","type":"post","link":"https:\/\/eldiariodesanpedro.com.ar\/sitio\/la-policia-se-hizo-presente-en-varias-fiestas-clandestinas-y-una-de-ellas-en-zona-centrica-con-mas-de-20-personas\/","title":{"rendered":"La polic\u00eda se hizo presente en varias fiestas clandestinas y una de ellas en zona c\u00e9ntrica con m\u00e1s de 20 personas"},"content":{"rendered":"<!-- VideographyWP Plugin Message: Automatic video embedding prevented by plugin options. -->\n\n<p>Durante la madrugada de este domingo la polic\u00eda tuvo que hacerse presente en varios domicilios de diferentes zonas dentro de la ciudad por denuncias de fiestas clandestinas con amontonamiento de personas, pero uno fue el m\u00e1s importante en zona c\u00e9ntrica.<\/p>\n\n\n\n<p>En la jornada de este domingo por la madrugada siendo las 03:00 horas, tras reiterados llamados al 911 y Dependencia Policial, se constituyeron cuatro m\u00f3viles policiales con efectivo en\u00a0 una vivienda ubicada en calle Libertad al 80, donde se llevaba a cabo una fiesta clandestina organizada por el propietario que es un efectivo policial  sumariado y con permanencia de m\u00ednimo una veintena de personas, teniendo que esperar un tiempo largo hasta que las personas decidieron salir de la vivienda, de esta manera dispersando a todos los concurrentes previo infraccionados por el art\u00edculo 205 CPN, actuaciones con intervenci\u00f3n del Juzgado Federal 2 de San Nicol\u00e1s.<\/p>\n","protected":false},"excerpt":{"rendered":"<p>Durante la madrugada de este domingo la polic\u00eda tuvo que hacerse presente en varios domicilios de diferentes zonas dentro de la ciudad por denuncias de fiestas clandestinas con amontonamiento de personas, pero uno fue el m\u00e1s importante en zona c\u00e9ntrica. En la jornada de este domingo por la madrugada siendo las 03:00 horas, tras reiterados [&hellip;]<\/p>\n","protected":false},"author":4,"featured_media":78774,"comment_status":"open","ping_status":"closed","sticky":false,"template":"","format":"standard","meta":{"om_disable_all_campaigns":false,"_jetpack_memberships_contains_paid_content":false,"footnotes":""},"categories":[50,2,103],"tags":[197,33,95,19],"class_list":["post-80256","post","type-post","status-publish","format-standard","has-post-thumbnail","hentry","category-destacadas","category-locales","category-policiales-locales","tag-buenos-aires","tag-locales","tag-policiales","tag-san-pedro"],"aioseo_notices":[],"gutentor_comment":0,"jetpack_featured_media_url":"https:\/\/eldiariodesanpedro.com.ar\/sitio\/wp-content\/uploads\/2020\/08\/Policia-de-noche-2014-695x510-1.jpg","jetpack_shortlink":"https:\/\/wp.me\/p6RhLt-kSs","jetpack_sharing_enabled":true,"_links":{"self":[{"href":"https:\/\/eldiariodesanpedro.com.ar\/sitio\/wp-json\/wp\/v2\/posts\/80256","targetHints":{"allow":["GET"]}}],"collection":[{"href":"https:\/\/eldiariodesanpedro.com.ar\/sitio\/wp-json\/wp\/v2\/posts"}],"about":[{"href":"https:\/\/eldiariodesanpedro.com.ar\/sitio\/wp-json\/wp\/v2\/types\/post"}],"author":[{"embeddable":true,"href":"https:\/\/eldiariodesanpedro.com.ar\/sitio\/wp-json\/wp\/v2\/users\/4"}],"replies":[{"embeddable":true,"href":"https:\/\/eldiariodesanpedro.com.ar\/sitio\/wp-json\/wp\/v2\/comments?post=80256"}],"version-history":[{"count":2,"href":"https:\/\/eldiariodesanpedro.com.ar\/sitio\/wp-json\/wp\/v2\/posts\/80256\/revisions"}],"predecessor-version":[{"id":80258,"href":"https:\/\/eldiariodesanpedro.com.ar\/sitio\/wp-json\/wp\/v2\/posts\/80256\/revisions\/80258"}],"wp:featuredmedia":[{"embeddable":true,"href":"https:\/\/eldiariodesanpedro.com.ar\/sitio\/wp-json\/wp\/v2\/media\/78774"}],"wp:attachment":[{"href":"https:\/\/eldiariodesanpedro.com.ar\/sitio\/wp-json\/wp\/v2\/media?parent=80256"}],"wp:term":[{"taxonomy":"category","embeddable":true,"href":"https:\/\/eldiariodesanpedro.com.ar\/sitio\/wp-json\/wp\/v2\/categories?post=80256"},{"taxonomy":"post_tag","embeddable":true,"href":"https:\/\/eldiariodesanpedro.com.ar\/sitio\/wp-json\/wp\/v2\/tags?post=80256"}],"curies":[{"name":"wp","href":"https:\/\/api.w.org\/{rel}","templated":true}]}}