{"id":80254,"date":"2020-08-30T16:18:42","date_gmt":"2020-08-30T19:18:42","guid":{"rendered":"https:\/\/eldiariodesanpedro.com.ar\/sitio\/?p=80254"},"modified":"2020-08-30T16:18:45","modified_gmt":"2020-08-30T19:18:45","slug":"rio-tala-un-aprehendido-por-disturbios-en-la-via-publica","status":"publish","type":"post","link":"https:\/\/eldiariodesanpedro.com.ar\/sitio\/rio-tala-un-aprehendido-por-disturbios-en-la-via-publica\/","title":{"rendered":"R\u00edo Tala: Un aprehendido por disturbios en la v\u00eda p\u00fablica"},"content":{"rendered":"<!-- VideographyWP Plugin Message: Automatic video embedding prevented by plugin options. -->\n\n<p>En la vecina localidad de R\u00edo Tala en calle Camelino y Sargento Cabral, se procedi\u00f3 a la aprehensi\u00f3n de masculino 26 a\u00f1os, quien en estado de ebriedad realizaba disturbios\u00a0 en la v\u00eda p\u00fablica junto a otros masculinos que se daban a la fuga, portando un arma blanca.<\/p>\n","protected":false},"excerpt":{"rendered":"<p>En la vecina localidad de R\u00edo Tala en calle Camelino y Sargento Cabral, se procedi\u00f3 a la aprehensi\u00f3n de masculino 26 a\u00f1os, quien en estado de ebriedad realizaba disturbios\u00a0 en la v\u00eda p\u00fablica junto a otros masculinos que se daban a la fuga, portando un arma blanca.<\/p>\n","protected":false},"author":4,"featured_media":78843,"comment_status":"open","ping_status":"closed","sticky":false,"template":"","format":"standard","meta":{"om_disable_all_campaigns":false,"_jetpack_memberships_contains_paid_content":false,"footnotes":""},"categories":[2,103],"tags":[197,33,95,19],"class_list":["post-80254","post","type-post","status-publish","format-standard","has-post-thumbnail","hentry","category-locales","category-policiales-locales","tag-buenos-aires","tag-locales","tag-policiales","tag-san-pedro"],"aioseo_notices":[],"gutentor_comment":0,"jetpack_featured_media_url":"https:\/\/eldiariodesanpedro.com.ar\/sitio\/wp-content\/uploads\/2020\/08\/0.jpg","jetpack_shortlink":"https:\/\/wp.me\/p6RhLt-kSq","jetpack_sharing_enabled":true,"_links":{"self":[{"href":"https:\/\/eldiariodesanpedro.com.ar\/sitio\/wp-json\/wp\/v2\/posts\/80254","targetHints":{"allow":["GET"]}}],"collection":[{"href":"https:\/\/eldiariodesanpedro.com.ar\/sitio\/wp-json\/wp\/v2\/posts"}],"about":[{"href":"https:\/\/eldiariodesanpedro.com.ar\/sitio\/wp-json\/wp\/v2\/types\/post"}],"author":[{"embeddable":true,"href":"https:\/\/eldiariodesanpedro.com.ar\/sitio\/wp-json\/wp\/v2\/users\/4"}],"replies":[{"embeddable":true,"href":"https:\/\/eldiariodesanpedro.com.ar\/sitio\/wp-json\/wp\/v2\/comments?post=80254"}],"version-history":[{"count":1,"href":"https:\/\/eldiariodesanpedro.com.ar\/sitio\/wp-json\/wp\/v2\/posts\/80254\/revisions"}],"predecessor-version":[{"id":80255,"href":"https:\/\/eldiariodesanpedro.com.ar\/sitio\/wp-json\/wp\/v2\/posts\/80254\/revisions\/80255"}],"wp:featuredmedia":[{"embeddable":true,"href":"https:\/\/eldiariodesanpedro.com.ar\/sitio\/wp-json\/wp\/v2\/media\/78843"}],"wp:attachment":[{"href":"https:\/\/eldiariodesanpedro.com.ar\/sitio\/wp-json\/wp\/v2\/media?parent=80254"}],"wp:term":[{"taxonomy":"category","embeddable":true,"href":"https:\/\/eldiariodesanpedro.com.ar\/sitio\/wp-json\/wp\/v2\/categories?post=80254"},{"taxonomy":"post_tag","embeddable":true,"href":"https:\/\/eldiariodesanpedro.com.ar\/sitio\/wp-json\/wp\/v2\/tags?post=80254"}],"curies":[{"name":"wp","href":"https:\/\/api.w.org\/{rel}","templated":true}]}}