{"id":80252,"date":"2020-08-30T16:13:53","date_gmt":"2020-08-30T19:13:53","guid":{"rendered":"https:\/\/eldiariodesanpedro.com.ar\/sitio\/?p=80252"},"modified":"2020-08-30T16:13:56","modified_gmt":"2020-08-30T19:13:56","slug":"un-aprehendido-con-dos-cuchillos-en-rio-tala-por-herir-a-otro","status":"publish","type":"post","link":"https:\/\/eldiariodesanpedro.com.ar\/sitio\/un-aprehendido-con-dos-cuchillos-en-rio-tala-por-herir-a-otro\/","title":{"rendered":"Un aprehendido con dos cuchillos en R\u00edo Tala por herir a otro"},"content":{"rendered":"<!-- VideographyWP Plugin Message: Automatic video embedding prevented by plugin options. -->\n\n<p>Este s\u00e1bado en la localidad de R\u00edo Tala en calle G\u00fcemes al 400, la polic\u00eda del destacamento procedi\u00f3 a la aprehension de masculino 64 a\u00f1os, quien se encontraba trenz\u00e1ndose en lucha con v\u00edctima femenina 34 a\u00f1os, logrando desarmar al mismo se procede al secuestro de dos armas blancas. v\u00edctima presenta lesiones leves, refiere amenazas de muerte.<\/p>\n","protected":false},"excerpt":{"rendered":"<p>Este s\u00e1bado en la localidad de R\u00edo Tala en calle G\u00fcemes al 400, la polic\u00eda del destacamento procedi\u00f3 a la aprehension de masculino 64 a\u00f1os, quien se encontraba trenz\u00e1ndose en lucha con v\u00edctima femenina 34 a\u00f1os, logrando desarmar al mismo se procede al secuestro de dos armas blancas. v\u00edctima presenta lesiones leves, refiere amenazas de [&hellip;]<\/p>\n","protected":false},"author":4,"featured_media":80172,"comment_status":"open","ping_status":"closed","sticky":false,"template":"","format":"standard","meta":{"om_disable_all_campaigns":false,"_jetpack_memberships_contains_paid_content":false,"footnotes":""},"categories":[2,103],"tags":[197,33,95,19],"class_list":["post-80252","post","type-post","status-publish","format-standard","has-post-thumbnail","hentry","category-locales","category-policiales-locales","tag-buenos-aires","tag-locales","tag-policiales","tag-san-pedro"],"aioseo_notices":[],"gutentor_comment":0,"jetpack_featured_media_url":"https:\/\/eldiariodesanpedro.com.ar\/sitio\/wp-content\/uploads\/2020\/08\/lvp.lvp_.img_nv000592.jpg","jetpack_shortlink":"https:\/\/wp.me\/p6RhLt-kSo","jetpack_sharing_enabled":true,"_links":{"self":[{"href":"https:\/\/eldiariodesanpedro.com.ar\/sitio\/wp-json\/wp\/v2\/posts\/80252","targetHints":{"allow":["GET"]}}],"collection":[{"href":"https:\/\/eldiariodesanpedro.com.ar\/sitio\/wp-json\/wp\/v2\/posts"}],"about":[{"href":"https:\/\/eldiariodesanpedro.com.ar\/sitio\/wp-json\/wp\/v2\/types\/post"}],"author":[{"embeddable":true,"href":"https:\/\/eldiariodesanpedro.com.ar\/sitio\/wp-json\/wp\/v2\/users\/4"}],"replies":[{"embeddable":true,"href":"https:\/\/eldiariodesanpedro.com.ar\/sitio\/wp-json\/wp\/v2\/comments?post=80252"}],"version-history":[{"count":1,"href":"https:\/\/eldiariodesanpedro.com.ar\/sitio\/wp-json\/wp\/v2\/posts\/80252\/revisions"}],"predecessor-version":[{"id":80253,"href":"https:\/\/eldiariodesanpedro.com.ar\/sitio\/wp-json\/wp\/v2\/posts\/80252\/revisions\/80253"}],"wp:featuredmedia":[{"embeddable":true,"href":"https:\/\/eldiariodesanpedro.com.ar\/sitio\/wp-json\/wp\/v2\/media\/80172"}],"wp:attachment":[{"href":"https:\/\/eldiariodesanpedro.com.ar\/sitio\/wp-json\/wp\/v2\/media?parent=80252"}],"wp:term":[{"taxonomy":"category","embeddable":true,"href":"https:\/\/eldiariodesanpedro.com.ar\/sitio\/wp-json\/wp\/v2\/categories?post=80252"},{"taxonomy":"post_tag","embeddable":true,"href":"https:\/\/eldiariodesanpedro.com.ar\/sitio\/wp-json\/wp\/v2\/tags?post=80252"}],"curies":[{"name":"wp","href":"https:\/\/api.w.org\/{rel}","templated":true}]}}