{"id":80248,"date":"2020-08-30T16:09:53","date_gmt":"2020-08-30T19:09:53","guid":{"rendered":"https:\/\/eldiariodesanpedro.com.ar\/sitio\/?p=80248"},"modified":"2020-08-30T16:09:57","modified_gmt":"2020-08-30T19:09:57","slug":"secuestran-una-motocicleta-robada-hace-dos-anos-atras","status":"publish","type":"post","link":"https:\/\/eldiariodesanpedro.com.ar\/sitio\/secuestran-una-motocicleta-robada-hace-dos-anos-atras\/","title":{"rendered":"Secuestran una motocicleta robada hace dos a\u00f1os atr\u00e1s"},"content":{"rendered":"<!-- VideographyWP Plugin Message: Automatic video embedding prevented by plugin options. -->\n\n<p>Este s\u00e1bado efectivos policiales en operativo de tr\u00e1nsito calle Combate de Obligado y Casella, aprehendieron a masculino 34 a\u00f1os, quien circulaba en motocicleta marca Gilera Smash color roja y negra, la cual pose\u00eda pedido secuestro activo, fecha de alta el pasado 11 de febrero de 2018.<\/p>\n","protected":false},"excerpt":{"rendered":"<p>Este s\u00e1bado efectivos policiales en operativo de tr\u00e1nsito calle Combate de Obligado y Casella, aprehendieron a masculino 34 a\u00f1os, quien circulaba en motocicleta marca Gilera Smash color roja y negra, la cual pose\u00eda pedido secuestro activo, fecha de alta el pasado 11 de febrero de 2018.<\/p>\n","protected":false},"author":4,"featured_media":78774,"comment_status":"open","ping_status":"closed","sticky":false,"template":"","format":"standard","meta":{"om_disable_all_campaigns":false,"_jetpack_memberships_contains_paid_content":false,"footnotes":""},"categories":[2,103],"tags":[197,33,95,19],"class_list":["post-80248","post","type-post","status-publish","format-standard","has-post-thumbnail","hentry","category-locales","category-policiales-locales","tag-buenos-aires","tag-locales","tag-policiales","tag-san-pedro"],"aioseo_notices":[],"gutentor_comment":0,"jetpack_featured_media_url":"https:\/\/eldiariodesanpedro.com.ar\/sitio\/wp-content\/uploads\/2020\/08\/Policia-de-noche-2014-695x510-1.jpg","jetpack_shortlink":"https:\/\/wp.me\/p6RhLt-kSk","jetpack_sharing_enabled":true,"_links":{"self":[{"href":"https:\/\/eldiariodesanpedro.com.ar\/sitio\/wp-json\/wp\/v2\/posts\/80248","targetHints":{"allow":["GET"]}}],"collection":[{"href":"https:\/\/eldiariodesanpedro.com.ar\/sitio\/wp-json\/wp\/v2\/posts"}],"about":[{"href":"https:\/\/eldiariodesanpedro.com.ar\/sitio\/wp-json\/wp\/v2\/types\/post"}],"author":[{"embeddable":true,"href":"https:\/\/eldiariodesanpedro.com.ar\/sitio\/wp-json\/wp\/v2\/users\/4"}],"replies":[{"embeddable":true,"href":"https:\/\/eldiariodesanpedro.com.ar\/sitio\/wp-json\/wp\/v2\/comments?post=80248"}],"version-history":[{"count":1,"href":"https:\/\/eldiariodesanpedro.com.ar\/sitio\/wp-json\/wp\/v2\/posts\/80248\/revisions"}],"predecessor-version":[{"id":80249,"href":"https:\/\/eldiariodesanpedro.com.ar\/sitio\/wp-json\/wp\/v2\/posts\/80248\/revisions\/80249"}],"wp:featuredmedia":[{"embeddable":true,"href":"https:\/\/eldiariodesanpedro.com.ar\/sitio\/wp-json\/wp\/v2\/media\/78774"}],"wp:attachment":[{"href":"https:\/\/eldiariodesanpedro.com.ar\/sitio\/wp-json\/wp\/v2\/media?parent=80248"}],"wp:term":[{"taxonomy":"category","embeddable":true,"href":"https:\/\/eldiariodesanpedro.com.ar\/sitio\/wp-json\/wp\/v2\/categories?post=80248"},{"taxonomy":"post_tag","embeddable":true,"href":"https:\/\/eldiariodesanpedro.com.ar\/sitio\/wp-json\/wp\/v2\/tags?post=80248"}],"curies":[{"name":"wp","href":"https:\/\/api.w.org\/{rel}","templated":true}]}}