{"id":80246,"date":"2020-08-30T16:07:39","date_gmt":"2020-08-30T19:07:39","guid":{"rendered":"https:\/\/eldiariodesanpedro.com.ar\/sitio\/?p=80246"},"modified":"2020-08-30T16:07:43","modified_gmt":"2020-08-30T19:07:43","slug":"secuestran-una-motocicleta-y-bolsas-de-naranjas","status":"publish","type":"post","link":"https:\/\/eldiariodesanpedro.com.ar\/sitio\/secuestran-una-motocicleta-y-bolsas-de-naranjas\/","title":{"rendered":"Secuestran una motocicleta y bolsas de naranjas"},"content":{"rendered":"<!-- VideographyWP Plugin Message: Automatic video embedding prevented by plugin options. -->\n\n<p>El personal policial de la comisar\u00eda local se hace presente en calle Combate de Obligado al 100, donde se aprehenden masculino 28 a\u00f1os, quien circulaba en motocicleta Guerrero Trip roja, sin documentaci\u00f3n, y secuestro de tres bolsas tipo arpillera conteniendo naranjas, sin acreditar procedencia.<\/p>\n","protected":false},"excerpt":{"rendered":"<p>El personal policial de la comisar\u00eda local se hace presente en calle Combate de Obligado al 100, donde se aprehenden masculino 28 a\u00f1os, quien circulaba en motocicleta Guerrero Trip roja, sin documentaci\u00f3n, y secuestro de tres bolsas tipo arpillera conteniendo naranjas, sin acreditar procedencia.<\/p>\n","protected":false},"author":4,"featured_media":80055,"comment_status":"open","ping_status":"closed","sticky":false,"template":"","format":"standard","meta":{"om_disable_all_campaigns":false,"_jetpack_memberships_contains_paid_content":false,"footnotes":""},"categories":[2,103],"tags":[197,33,95,19],"class_list":["post-80246","post","type-post","status-publish","format-standard","has-post-thumbnail","hentry","category-locales","category-policiales-locales","tag-buenos-aires","tag-locales","tag-policiales","tag-san-pedro"],"aioseo_notices":[],"gutentor_comment":0,"jetpack_featured_media_url":"https:\/\/eldiariodesanpedro.com.ar\/sitio\/wp-content\/uploads\/2020\/08\/WhatsApp-Image-2020-08-26-at-17.38.06.jpeg","jetpack_shortlink":"https:\/\/wp.me\/p6RhLt-kSi","jetpack_sharing_enabled":true,"_links":{"self":[{"href":"https:\/\/eldiariodesanpedro.com.ar\/sitio\/wp-json\/wp\/v2\/posts\/80246","targetHints":{"allow":["GET"]}}],"collection":[{"href":"https:\/\/eldiariodesanpedro.com.ar\/sitio\/wp-json\/wp\/v2\/posts"}],"about":[{"href":"https:\/\/eldiariodesanpedro.com.ar\/sitio\/wp-json\/wp\/v2\/types\/post"}],"author":[{"embeddable":true,"href":"https:\/\/eldiariodesanpedro.com.ar\/sitio\/wp-json\/wp\/v2\/users\/4"}],"replies":[{"embeddable":true,"href":"https:\/\/eldiariodesanpedro.com.ar\/sitio\/wp-json\/wp\/v2\/comments?post=80246"}],"version-history":[{"count":1,"href":"https:\/\/eldiariodesanpedro.com.ar\/sitio\/wp-json\/wp\/v2\/posts\/80246\/revisions"}],"predecessor-version":[{"id":80247,"href":"https:\/\/eldiariodesanpedro.com.ar\/sitio\/wp-json\/wp\/v2\/posts\/80246\/revisions\/80247"}],"wp:featuredmedia":[{"embeddable":true,"href":"https:\/\/eldiariodesanpedro.com.ar\/sitio\/wp-json\/wp\/v2\/media\/80055"}],"wp:attachment":[{"href":"https:\/\/eldiariodesanpedro.com.ar\/sitio\/wp-json\/wp\/v2\/media?parent=80246"}],"wp:term":[{"taxonomy":"category","embeddable":true,"href":"https:\/\/eldiariodesanpedro.com.ar\/sitio\/wp-json\/wp\/v2\/categories?post=80246"},{"taxonomy":"post_tag","embeddable":true,"href":"https:\/\/eldiariodesanpedro.com.ar\/sitio\/wp-json\/wp\/v2\/tags?post=80246"}],"curies":[{"name":"wp","href":"https:\/\/api.w.org\/{rel}","templated":true}]}}