{"id":80219,"date":"2020-08-29T17:49:00","date_gmt":"2020-08-29T20:49:00","guid":{"rendered":"https:\/\/eldiariodesanpedro.com.ar\/sitio\/?p=80219"},"modified":"2020-08-29T17:49:03","modified_gmt":"2020-08-29T20:49:03","slug":"procrear-se-sortearon-los-primeros-creditos-para-la-refaccion-y-el-mejoramiento-de-viviendas","status":"publish","type":"post","link":"https:\/\/eldiariodesanpedro.com.ar\/sitio\/procrear-se-sortearon-los-primeros-creditos-para-la-refaccion-y-el-mejoramiento-de-viviendas\/","title":{"rendered":"PROCREAR: Se sortearon los primeros cr\u00e9ditos para la refacci\u00f3n y el mejoramiento de viviendas"},"content":{"rendered":"<!-- VideographyWP Plugin Message: Automatic video embedding prevented by plugin options. -->\n\n<p>En el marco del&nbsp;<em>Programa de Cr\u00e9dito Argentino<\/em>&nbsp;(Procrear 2020) hoy se sorte\u00f3 la primera tanda de 4 l\u00edneas crediticias para la refacci\u00f3n y el mejoramiento de viviendas. Estas herramientas financieras van desde los 50 mil a los 500 mil pesos y todas poseen tasas del 24% anual. El presupuesto total de los 34 mil cr\u00e9ditos asciende a los 5.000 millones de pesos.<\/p>\n\n\n\n<p>Cabe destacar que se otorgar\u00e1n los primeros 4 meses de gracia para comenzar a pagar las cuotas y que, con motivo de la pandemia por el Covid-19, se pens\u00f3 toda la tramitaci\u00f3n para que su adjudicaci\u00f3n sea 100% digital.<\/p>\n\n\n\n<p>El sorteo se realiz\u00f3 en el auditorio del Banco Hipotecario y fue televisado en directo por la Televisi\u00f3n P\u00fablica. El mismo cont\u00f3 con la presencia de la Directora Ejecutiva de la ANSES,&nbsp;<strong>Fernanda Raverta<\/strong>, quien afirm\u00f3: \u201c<em>Este es un programa que est\u00e1 en la memoria de los argentinos gracias a la ex Presidenta de la Naci\u00f3n y actual Vicepresidenta,&nbsp;<strong>Cristina Fern\u00e1ndez de Kirchner<\/strong>, quien instrument\u00f3 y gener\u00f3 el PROCREAR para resolver el sue\u00f1o de la casa propia de miles y miles de familias argentinas<\/em>\u201d.<\/p>\n\n\n\n<p>Luego, la titular del organismo previsional nacional agreg\u00f3: \u201c<em>Detr\u00e1s de cada una de estas familias no s\u00f3lo est\u00e1 el sue\u00f1o de poner m\u00e1s linda su casa si no el sue\u00f1o de toda la Argentina de volver a poner el pa\u00eds en marcha a partir de la construcci\u00f3n, esa es la idea y el mensaje que nos transmiti\u00f3 el Presidente de la Naci\u00f3n,&nbsp;<strong>Alberto Fern\u00e1ndez<\/strong><\/em>\u201d.<\/p>\n\n\n\n<p>Del sorteo tambi\u00e9n participaron&nbsp;<strong>Mart\u00edn Reibel<\/strong>, vicepresidente de AYSA;&nbsp;<strong>Avelino Zurro<\/strong>, secretario de Asuntos Municipales;&nbsp;<strong>Rodrigo Ruete<\/strong>, representante del Estado en el Banco Hipotecario; y&nbsp;<strong>Luciano Scatolini<\/strong>, subsecretario de Pol\u00edtica de Suelo y Urbanismo.<\/p>\n","protected":false},"excerpt":{"rendered":"<p>En el marco del&nbsp;Programa de Cr\u00e9dito Argentino&nbsp;(Procrear 2020) hoy se sorte\u00f3 la primera tanda de 4 l\u00edneas crediticias para la refacci\u00f3n y el mejoramiento de viviendas. Estas herramientas financieras van desde los 50 mil a los 500 mil pesos y todas poseen tasas del 24% anual. El presupuesto total de los 34 mil cr\u00e9ditos asciende [&hellip;]<\/p>\n","protected":false},"author":4,"featured_media":80220,"comment_status":"open","ping_status":"closed","sticky":false,"template":"","format":"standard","meta":{"om_disable_all_campaigns":false,"_jetpack_memberships_contains_paid_content":false,"footnotes":""},"categories":[101,2],"tags":[197,696,33],"class_list":["post-80219","post","type-post","status-publish","format-standard","has-post-thumbnail","hentry","category-interes-general-locales","category-locales","tag-buenos-aires","tag-interes-general","tag-locales"],"aioseo_notices":[],"gutentor_comment":0,"jetpack_featured_media_url":"https:\/\/eldiariodesanpedro.com.ar\/sitio\/wp-content\/uploads\/2020\/08\/unnamed-2.jpg","jetpack_shortlink":"https:\/\/wp.me\/p6RhLt-kRR","jetpack_sharing_enabled":true,"_links":{"self":[{"href":"https:\/\/eldiariodesanpedro.com.ar\/sitio\/wp-json\/wp\/v2\/posts\/80219","targetHints":{"allow":["GET"]}}],"collection":[{"href":"https:\/\/eldiariodesanpedro.com.ar\/sitio\/wp-json\/wp\/v2\/posts"}],"about":[{"href":"https:\/\/eldiariodesanpedro.com.ar\/sitio\/wp-json\/wp\/v2\/types\/post"}],"author":[{"embeddable":true,"href":"https:\/\/eldiariodesanpedro.com.ar\/sitio\/wp-json\/wp\/v2\/users\/4"}],"replies":[{"embeddable":true,"href":"https:\/\/eldiariodesanpedro.com.ar\/sitio\/wp-json\/wp\/v2\/comments?post=80219"}],"version-history":[{"count":1,"href":"https:\/\/eldiariodesanpedro.com.ar\/sitio\/wp-json\/wp\/v2\/posts\/80219\/revisions"}],"predecessor-version":[{"id":80221,"href":"https:\/\/eldiariodesanpedro.com.ar\/sitio\/wp-json\/wp\/v2\/posts\/80219\/revisions\/80221"}],"wp:featuredmedia":[{"embeddable":true,"href":"https:\/\/eldiariodesanpedro.com.ar\/sitio\/wp-json\/wp\/v2\/media\/80220"}],"wp:attachment":[{"href":"https:\/\/eldiariodesanpedro.com.ar\/sitio\/wp-json\/wp\/v2\/media?parent=80219"}],"wp:term":[{"taxonomy":"category","embeddable":true,"href":"https:\/\/eldiariodesanpedro.com.ar\/sitio\/wp-json\/wp\/v2\/categories?post=80219"},{"taxonomy":"post_tag","embeddable":true,"href":"https:\/\/eldiariodesanpedro.com.ar\/sitio\/wp-json\/wp\/v2\/tags?post=80219"}],"curies":[{"name":"wp","href":"https:\/\/api.w.org\/{rel}","templated":true}]}}