{"id":80216,"date":"2020-08-29T17:46:15","date_gmt":"2020-08-29T20:46:15","guid":{"rendered":"https:\/\/eldiariodesanpedro.com.ar\/sitio\/?p=80216"},"modified":"2020-08-29T17:46:19","modified_gmt":"2020-08-29T20:46:19","slug":"avanza-el-analisis-de-proyectos-para-abrir-la-peatonal","status":"publish","type":"post","link":"https:\/\/eldiariodesanpedro.com.ar\/sitio\/avanza-el-analisis-de-proyectos-para-abrir-la-peatonal\/","title":{"rendered":"Avanza el an\u00e1lisis de proyectos para abrir la Peatonal"},"content":{"rendered":"<!-- VideographyWP Plugin Message: Automatic video embedding prevented by plugin options. -->\n\n<p>Cumpliendo con lo acordado hace dos semanas, volvieron a reunirse este viernes los comerciantes de la zona de las cuadras peatonales de Balcarce y Obligado con quienes el gobierno municipal analiza la posibilidad de abrir al tr\u00e1nsito la Peatonal del Centenario.<\/p>\n\n\n\n<p>Las autoridades municipales encabezadas por el Secretario de Coordinaci\u00f3n Ram\u00f3n Salazar, el Secretario de Obras P\u00fablicas Ariel Alvarez y el Director de Planeamiento Agust\u00edn Vaca, hab\u00edan comprometido presentar una evaluaci\u00f3n preliminar sobre el costo que podr\u00eda tener la obra, y las alternativas para realizarla.<\/p>\n\n\n\n<p>Seg\u00fan se expres\u00f3, el presupuesto estimado tomando como referencia el proyecto que hab\u00eda sido elaborado para tal fin, ronda los 8.5 millones de pesos.<\/p>\n\n\n\n<p>\u00c1lvarez y Vaca explicaron que se trabajar\u00eda para reconvertirlas a la modalidad \u00abprioridad peat\u00f3n\u00bb, reparando las veredas a nuevo con sus desag\u00fces pluviales y levantar el centro de la calle para construir un nuevo pavimento articulado con la reubicaci\u00f3n de mobiliario y luminarias.<\/p>\n\n\n\n<p>El Dr. Salazar coment\u00f3 que entre las alternativas posibles, se analiz\u00f3 el financiamiento con el \u00abFondo de Obras P\u00fablicas Comunitarias\u00bb que se administra con COOPSER, que adem\u00e1s podr\u00eda tener a su cargo su ejecuci\u00f3n.<\/p>\n\n\n\n<p>En este caso los frentistas deber\u00edan manifestar su adhesi\u00f3n y realizar un pago en un plan de cuotas. Algunos anticiparon su voluntad de analizar en detalle el tema y realizar un aporte.<\/p>\n\n\n\n<p>El Dr. Salazar destac\u00f3 adem\u00e1s que el municipio estar\u00eda dispuesto a efectuar un aporte y analizar otras opciones en caso de que aparezcan objeciones para el financiamiento desde el FOPC.<\/p>\n\n\n\n<p>El Director de Planeamiento inform\u00f3 a los comerciantes que en los pr\u00f3ximos d\u00edas se entregar\u00e1 el proyecto de manera formal para que pueda ser analizado, y que adem\u00e1s se pedir\u00e1 un presupuesto a la Cooperativa para continuar con las reuniones que conduzcan hacia la renovaci\u00f3n de esa zona del centro con una funcionalidad diferente tanto para su aprovechamiento comercial como tur\u00edstico.<\/p>\n","protected":false},"excerpt":{"rendered":"<p>Cumpliendo con lo acordado hace dos semanas, volvieron a reunirse este viernes los comerciantes de la zona de las cuadras peatonales de Balcarce y Obligado con quienes el gobierno municipal analiza la posibilidad de abrir al tr\u00e1nsito la Peatonal del Centenario. Las autoridades municipales encabezadas por el Secretario de Coordinaci\u00f3n Ram\u00f3n Salazar, el Secretario de [&hellip;]<\/p>\n","protected":false},"author":4,"featured_media":80217,"comment_status":"open","ping_status":"closed","sticky":false,"template":"","format":"standard","meta":{"om_disable_all_campaigns":false,"_jetpack_memberships_contains_paid_content":false,"footnotes":""},"categories":[50,101,2],"tags":[197,696,33,1751,19],"class_list":["post-80216","post","type-post","status-publish","format-standard","has-post-thumbnail","hentry","category-destacadas","category-interes-general-locales","category-locales","tag-buenos-aires","tag-interes-general","tag-locales","tag-peatonal","tag-san-pedro"],"aioseo_notices":[],"gutentor_comment":0,"jetpack_featured_media_url":"https:\/\/eldiariodesanpedro.com.ar\/sitio\/wp-content\/uploads\/2020\/08\/WhatsApp-Image-2020-08-29-at-15.27.26.jpeg","jetpack_shortlink":"https:\/\/wp.me\/p6RhLt-kRO","jetpack_sharing_enabled":true,"_links":{"self":[{"href":"https:\/\/eldiariodesanpedro.com.ar\/sitio\/wp-json\/wp\/v2\/posts\/80216","targetHints":{"allow":["GET"]}}],"collection":[{"href":"https:\/\/eldiariodesanpedro.com.ar\/sitio\/wp-json\/wp\/v2\/posts"}],"about":[{"href":"https:\/\/eldiariodesanpedro.com.ar\/sitio\/wp-json\/wp\/v2\/types\/post"}],"author":[{"embeddable":true,"href":"https:\/\/eldiariodesanpedro.com.ar\/sitio\/wp-json\/wp\/v2\/users\/4"}],"replies":[{"embeddable":true,"href":"https:\/\/eldiariodesanpedro.com.ar\/sitio\/wp-json\/wp\/v2\/comments?post=80216"}],"version-history":[{"count":1,"href":"https:\/\/eldiariodesanpedro.com.ar\/sitio\/wp-json\/wp\/v2\/posts\/80216\/revisions"}],"predecessor-version":[{"id":80218,"href":"https:\/\/eldiariodesanpedro.com.ar\/sitio\/wp-json\/wp\/v2\/posts\/80216\/revisions\/80218"}],"wp:featuredmedia":[{"embeddable":true,"href":"https:\/\/eldiariodesanpedro.com.ar\/sitio\/wp-json\/wp\/v2\/media\/80217"}],"wp:attachment":[{"href":"https:\/\/eldiariodesanpedro.com.ar\/sitio\/wp-json\/wp\/v2\/media?parent=80216"}],"wp:term":[{"taxonomy":"category","embeddable":true,"href":"https:\/\/eldiariodesanpedro.com.ar\/sitio\/wp-json\/wp\/v2\/categories?post=80216"},{"taxonomy":"post_tag","embeddable":true,"href":"https:\/\/eldiariodesanpedro.com.ar\/sitio\/wp-json\/wp\/v2\/tags?post=80216"}],"curies":[{"name":"wp","href":"https:\/\/api.w.org\/{rel}","templated":true}]}}