{"id":80210,"date":"2020-08-28T20:11:24","date_gmt":"2020-08-28T23:11:24","guid":{"rendered":"https:\/\/eldiariodesanpedro.com.ar\/sitio\/?p=80210"},"modified":"2020-08-28T20:12:22","modified_gmt":"2020-08-28T23:12:22","slug":"el-presidente-habilito-reuniones-de-no-mas-de-10-personas-al-aire-libre-en-todo-el-pais","status":"publish","type":"post","link":"https:\/\/eldiariodesanpedro.com.ar\/sitio\/el-presidente-habilito-reuniones-de-no-mas-de-10-personas-al-aire-libre-en-todo-el-pais\/","title":{"rendered":"El Presidente habilito reuniones de no mas de 10 personas al aire libre en todo el pa\u00eds"},"content":{"rendered":"<!-- VideographyWP Plugin Message: Automatic video embedding prevented by plugin options. -->\n\n<p>En la jornada de hoy el Presidente de la Naci\u00f3n Alberto Fernandez realizo como cada dos semanas la extensi\u00f3n del aislamiento a trav\u00e9s de un comunicado. <\/p>\n\n\n\n<p>Una de las medidas mas importantes es la habilitaci\u00f3n en todo el pa\u00eds de reuniones al aire libre de no mas de 10 personas en lugares p\u00fablicos, siempre respetando el distanciamiento correspondiente.<\/p>\n\n\n\n<p>El aislamiento que venc\u00eda este domingo se vuelve a extender hasta el pr\u00f3ximo 20 de septiembre.<\/p>\n\n\n\n<figure class=\"wp-block-embed-facebook wp-block-embed\"><div class=\"wp-block-embed__wrapper\">\n<div class=\"fb-video\" data-allowfullscreen=\"true\" data-href=\"https:\/\/www.facebook.com\/watch\/?v=1775143005967843&#038;extid=XgWu5TRSaowdjcsb\" style=\"background-color: #fff; display: inline-block;\"><\/div>\n<\/div><\/figure>\n","protected":false},"excerpt":{"rendered":"<p>En la jornada de hoy el Presidente de la Naci\u00f3n Alberto Fernandez realizo como cada dos semanas la extensi\u00f3n del aislamiento a trav\u00e9s de un comunicado. Una de las medidas mas importantes es la habilitaci\u00f3n en todo el pa\u00eds de reuniones al aire libre de no mas de 10 personas en lugares p\u00fablicos, siempre respetando [&hellip;]<\/p>\n","protected":false},"author":4,"featured_media":80211,"comment_status":"open","ping_status":"closed","sticky":false,"template":"","format":"standard","meta":{"om_disable_all_campaigns":false,"_jetpack_memberships_contains_paid_content":false,"footnotes":""},"categories":[2],"tags":[197,696,33],"class_list":["post-80210","post","type-post","status-publish","format-standard","has-post-thumbnail","hentry","category-locales","tag-buenos-aires","tag-interes-general","tag-locales"],"aioseo_notices":[],"gutentor_comment":0,"jetpack_featured_media_url":"https:\/\/eldiariodesanpedro.com.ar\/sitio\/wp-content\/uploads\/2020\/08\/2020-08-28-e1598656253421.png","jetpack_shortlink":"https:\/\/wp.me\/p6RhLt-kRI","jetpack_sharing_enabled":true,"_links":{"self":[{"href":"https:\/\/eldiariodesanpedro.com.ar\/sitio\/wp-json\/wp\/v2\/posts\/80210","targetHints":{"allow":["GET"]}}],"collection":[{"href":"https:\/\/eldiariodesanpedro.com.ar\/sitio\/wp-json\/wp\/v2\/posts"}],"about":[{"href":"https:\/\/eldiariodesanpedro.com.ar\/sitio\/wp-json\/wp\/v2\/types\/post"}],"author":[{"embeddable":true,"href":"https:\/\/eldiariodesanpedro.com.ar\/sitio\/wp-json\/wp\/v2\/users\/4"}],"replies":[{"embeddable":true,"href":"https:\/\/eldiariodesanpedro.com.ar\/sitio\/wp-json\/wp\/v2\/comments?post=80210"}],"version-history":[{"count":2,"href":"https:\/\/eldiariodesanpedro.com.ar\/sitio\/wp-json\/wp\/v2\/posts\/80210\/revisions"}],"predecessor-version":[{"id":80213,"href":"https:\/\/eldiariodesanpedro.com.ar\/sitio\/wp-json\/wp\/v2\/posts\/80210\/revisions\/80213"}],"wp:featuredmedia":[{"embeddable":true,"href":"https:\/\/eldiariodesanpedro.com.ar\/sitio\/wp-json\/wp\/v2\/media\/80211"}],"wp:attachment":[{"href":"https:\/\/eldiariodesanpedro.com.ar\/sitio\/wp-json\/wp\/v2\/media?parent=80210"}],"wp:term":[{"taxonomy":"category","embeddable":true,"href":"https:\/\/eldiariodesanpedro.com.ar\/sitio\/wp-json\/wp\/v2\/categories?post=80210"},{"taxonomy":"post_tag","embeddable":true,"href":"https:\/\/eldiariodesanpedro.com.ar\/sitio\/wp-json\/wp\/v2\/tags?post=80210"}],"curies":[{"name":"wp","href":"https:\/\/api.w.org\/{rel}","templated":true}]}}