{"id":80207,"date":"2020-08-28T19:24:44","date_gmt":"2020-08-28T22:24:44","guid":{"rendered":"https:\/\/eldiariodesanpedro.com.ar\/sitio\/?p=80207"},"modified":"2020-08-28T19:24:47","modified_gmt":"2020-08-28T22:24:47","slug":"baradero-la-despidieron-por-haber-propagado-el-coronavirus-dentro-de-una-institucion-geriatrica","status":"publish","type":"post","link":"https:\/\/eldiariodesanpedro.com.ar\/sitio\/baradero-la-despidieron-por-haber-propagado-el-coronavirus-dentro-de-una-institucion-geriatrica\/","title":{"rendered":"BARADERO | La despidieron por haber \u201cpropagado\u201d el coronavirus dentro de una instituci\u00f3n geri\u00e1trica"},"content":{"rendered":"<!-- VideographyWP Plugin Message: Automatic video embedding prevented by plugin options. -->\n\n<p>La instituci\u00f3n geri\u00e1trica \u201cMilenium\u201d se encuentra actualmente bloqueada tras presentar casos positivos de coronavirus dentro de la instituci\u00f3n. El due\u00f1o de la firma, Fernando Lita, dijo que estaban averiguando qui\u00e9n era la persona que hab\u00eda \u201cpropagado\u201d el virus hac\u00eda all\u00ed.<\/p>\n\n\n\n<p>Natalia Soria era empleada de la residencia hasta que, d\u00edas atr\u00e1s, la due\u00f1a le mand\u00f3 un mensaje diciendo que la echaban por incumplir el aislamiento y poner en riesgo la salud de los abuelos.<\/p>\n\n\n\n<p>Entre tantas cosas, Natalia habl\u00f3 en #ContactoDirecto y dijo que la instituci\u00f3n no cumpli\u00f3 con los protocolos establecidos porque no les entregaban los elementos de protecci\u00f3n correspondientes.<\/p>\n\n\n\n<p>\u201cNo fui la primera persona que contrajo coronavirus all\u00ed sino la quinta, pero mi hisopado lleg\u00f3 primero porque me lo hicieron hacer de manera privada\u201d, comentaba.<\/p>\n\n\n\n<p>Fuente: <a href=\"https:\/\/tulineadirecta.com\/la-despidieron-por-haber-propagado-el-coronavirus-dentro-de-una-institucion-geriatrica\/\">Tu Linea Directa<\/a><\/p>\n","protected":false},"excerpt":{"rendered":"<p>La instituci\u00f3n geri\u00e1trica \u201cMilenium\u201d se encuentra actualmente bloqueada tras presentar casos positivos de coronavirus dentro de la instituci\u00f3n. El due\u00f1o de la firma, Fernando Lita, dijo que estaban averiguando qui\u00e9n era la persona que hab\u00eda \u201cpropagado\u201d el virus hac\u00eda all\u00ed. Natalia Soria era empleada de la residencia hasta que, d\u00edas atr\u00e1s, la due\u00f1a le mand\u00f3 [&hellip;]<\/p>\n","protected":false},"author":4,"featured_media":80208,"comment_status":"open","ping_status":"closed","sticky":false,"template":"","format":"standard","meta":{"om_disable_all_campaigns":false,"_jetpack_memberships_contains_paid_content":false,"footnotes":""},"categories":[621],"tags":[139,197,681],"class_list":["post-80207","post","type-post","status-publish","format-standard","has-post-thumbnail","hentry","category-regionales","tag-baradero","tag-buenos-aires","tag-regionales"],"aioseo_notices":[],"gutentor_comment":0,"jetpack_featured_media_url":"https:\/\/eldiariodesanpedro.com.ar\/sitio\/wp-content\/uploads\/2020\/08\/nuevo-millenium-768x1024-1.jpg","jetpack_shortlink":"https:\/\/wp.me\/p6RhLt-kRF","jetpack_sharing_enabled":true,"_links":{"self":[{"href":"https:\/\/eldiariodesanpedro.com.ar\/sitio\/wp-json\/wp\/v2\/posts\/80207","targetHints":{"allow":["GET"]}}],"collection":[{"href":"https:\/\/eldiariodesanpedro.com.ar\/sitio\/wp-json\/wp\/v2\/posts"}],"about":[{"href":"https:\/\/eldiariodesanpedro.com.ar\/sitio\/wp-json\/wp\/v2\/types\/post"}],"author":[{"embeddable":true,"href":"https:\/\/eldiariodesanpedro.com.ar\/sitio\/wp-json\/wp\/v2\/users\/4"}],"replies":[{"embeddable":true,"href":"https:\/\/eldiariodesanpedro.com.ar\/sitio\/wp-json\/wp\/v2\/comments?post=80207"}],"version-history":[{"count":1,"href":"https:\/\/eldiariodesanpedro.com.ar\/sitio\/wp-json\/wp\/v2\/posts\/80207\/revisions"}],"predecessor-version":[{"id":80209,"href":"https:\/\/eldiariodesanpedro.com.ar\/sitio\/wp-json\/wp\/v2\/posts\/80207\/revisions\/80209"}],"wp:featuredmedia":[{"embeddable":true,"href":"https:\/\/eldiariodesanpedro.com.ar\/sitio\/wp-json\/wp\/v2\/media\/80208"}],"wp:attachment":[{"href":"https:\/\/eldiariodesanpedro.com.ar\/sitio\/wp-json\/wp\/v2\/media?parent=80207"}],"wp:term":[{"taxonomy":"category","embeddable":true,"href":"https:\/\/eldiariodesanpedro.com.ar\/sitio\/wp-json\/wp\/v2\/categories?post=80207"},{"taxonomy":"post_tag","embeddable":true,"href":"https:\/\/eldiariodesanpedro.com.ar\/sitio\/wp-json\/wp\/v2\/tags?post=80207"}],"curies":[{"name":"wp","href":"https:\/\/api.w.org\/{rel}","templated":true}]}}