{"id":80205,"date":"2020-08-28T19:22:09","date_gmt":"2020-08-28T22:22:09","guid":{"rendered":"https:\/\/eldiariodesanpedro.com.ar\/sitio\/?p=80205"},"modified":"2020-08-28T19:22:14","modified_gmt":"2020-08-28T22:22:14","slug":"baradero-se-registro-una-nueva-muerte-por-coronavirus-y-ya-son-23-las-victimas-fatales","status":"publish","type":"post","link":"https:\/\/eldiariodesanpedro.com.ar\/sitio\/baradero-se-registro-una-nueva-muerte-por-coronavirus-y-ya-son-23-las-victimas-fatales\/","title":{"rendered":"BARADERO | Se registr\u00f3 una nueva muerte por coronavirus y ya son 23 las v\u00edctimas fatales"},"content":{"rendered":"<!-- VideographyWP Plugin Message: Automatic video embedding prevented by plugin options. -->\n\n<p>A trav\u00e9s de un comunicado en redes sociales, el Municipio de Baradero inform\u00f3 una nueva muerte por coronavirus y ya son 23 las v\u00edctimas fatales de la enfermedad. Se trata de un adulto institucionalizado en una residencia geri\u00e1trica que se encuentra actualmente bloqueada debido a la presencia de casos positivos dentro de ella.<\/p>\n\n\n\n<p>\u201cInformamos que hoy, jueves 27 de agosto, se produjo un fallecimiento de un paciente internado en nuestro hospital con coronavirus.<\/p>\n\n\n\n<p>Solicitamos a todas y todos los ciudadanos respeto y solidaridad hacia la familia.<\/p>\n\n\n\n<p>Ma\u00f1ana por la ma\u00f1ana, se brindar\u00e1 el reporte de salud\u201d.<\/p>\n\n\n\n<p>Fuente: <a href=\"https:\/\/tulineadirecta.com\/se-registro-una-nueva-muerte-por-coronavirus-y-ya-son-23-las-victimas-fatales\/\">Tu Linea Directa<\/a><\/p>\n","protected":false},"excerpt":{"rendered":"<p>A trav\u00e9s de un comunicado en redes sociales, el Municipio de Baradero inform\u00f3 una nueva muerte por coronavirus y ya son 23 las v\u00edctimas fatales de la enfermedad. Se trata de un adulto institucionalizado en una residencia geri\u00e1trica que se encuentra actualmente bloqueada debido a la presencia de casos positivos dentro de ella. \u201cInformamos que [&hellip;]<\/p>\n","protected":false},"author":4,"featured_media":79554,"comment_status":"open","ping_status":"closed","sticky":false,"template":"","format":"standard","meta":{"om_disable_all_campaigns":false,"_jetpack_memberships_contains_paid_content":false,"footnotes":""},"categories":[621],"tags":[139,197,681],"class_list":["post-80205","post","type-post","status-publish","format-standard","has-post-thumbnail","hentry","category-regionales","tag-baradero","tag-buenos-aires","tag-regionales"],"aioseo_notices":[],"gutentor_comment":0,"jetpack_featured_media_url":"https:\/\/eldiariodesanpedro.com.ar\/sitio\/wp-content\/uploads\/2020\/08\/PLZ5780-1.jpeg","jetpack_shortlink":"https:\/\/wp.me\/p6RhLt-kRD","jetpack_sharing_enabled":true,"_links":{"self":[{"href":"https:\/\/eldiariodesanpedro.com.ar\/sitio\/wp-json\/wp\/v2\/posts\/80205","targetHints":{"allow":["GET"]}}],"collection":[{"href":"https:\/\/eldiariodesanpedro.com.ar\/sitio\/wp-json\/wp\/v2\/posts"}],"about":[{"href":"https:\/\/eldiariodesanpedro.com.ar\/sitio\/wp-json\/wp\/v2\/types\/post"}],"author":[{"embeddable":true,"href":"https:\/\/eldiariodesanpedro.com.ar\/sitio\/wp-json\/wp\/v2\/users\/4"}],"replies":[{"embeddable":true,"href":"https:\/\/eldiariodesanpedro.com.ar\/sitio\/wp-json\/wp\/v2\/comments?post=80205"}],"version-history":[{"count":1,"href":"https:\/\/eldiariodesanpedro.com.ar\/sitio\/wp-json\/wp\/v2\/posts\/80205\/revisions"}],"predecessor-version":[{"id":80206,"href":"https:\/\/eldiariodesanpedro.com.ar\/sitio\/wp-json\/wp\/v2\/posts\/80205\/revisions\/80206"}],"wp:featuredmedia":[{"embeddable":true,"href":"https:\/\/eldiariodesanpedro.com.ar\/sitio\/wp-json\/wp\/v2\/media\/79554"}],"wp:attachment":[{"href":"https:\/\/eldiariodesanpedro.com.ar\/sitio\/wp-json\/wp\/v2\/media?parent=80205"}],"wp:term":[{"taxonomy":"category","embeddable":true,"href":"https:\/\/eldiariodesanpedro.com.ar\/sitio\/wp-json\/wp\/v2\/categories?post=80205"},{"taxonomy":"post_tag","embeddable":true,"href":"https:\/\/eldiariodesanpedro.com.ar\/sitio\/wp-json\/wp\/v2\/tags?post=80205"}],"curies":[{"name":"wp","href":"https:\/\/api.w.org\/{rel}","templated":true}]}}