{"id":80202,"date":"2020-08-28T19:19:07","date_gmt":"2020-08-28T22:19:07","guid":{"rendered":"https:\/\/eldiariodesanpedro.com.ar\/sitio\/?p=80202"},"modified":"2020-08-28T19:19:11","modified_gmt":"2020-08-28T22:19:11","slug":"baradero-le-choco-la-casa-a-su-ex-pareja-con-su-camioneta","status":"publish","type":"post","link":"https:\/\/eldiariodesanpedro.com.ar\/sitio\/baradero-le-choco-la-casa-a-su-ex-pareja-con-su-camioneta\/","title":{"rendered":"BARADERO | Le choc\u00f3 la casa a su ex pareja con su camioneta"},"content":{"rendered":"<!-- VideographyWP Plugin Message: Automatic video embedding prevented by plugin options. -->\n\n<p>En la madrugada de hoy personal policial se dirigi\u00f3 hasta Jorge Newbery al 2000 debido a que una camioneta embisti\u00f3 una vivienda, provoc\u00e1ndole serios da\u00f1os en la puerta y ventana.<\/p>\n\n\n\n<p>Cuando se habla con la propietaria de la vivienda se da cuenta que se tratar\u00eda de un conflicto que se da en reiteradas oportunidades con su ex pareja y por ese mismo motivo no quiso emitir la denuncia.<\/p>\n\n\n\n<p>\u201cPed\u00ed a la Comisaria de la Mujer que la asesoren y le den todas las medidas preventivas\u201d, inform\u00f3 el Comisario Juan Cruz Acevedo<\/p>\n\n\n\n<p>Fuente: <a href=\"https:\/\/tulineadirecta.com\/embistio-con-el-auto-la-casa-de-su-ex-pareja\/\">Tu Linea Directa<\/a><\/p>\n","protected":false},"excerpt":{"rendered":"<p>En la madrugada de hoy personal policial se dirigi\u00f3 hasta Jorge Newbery al 2000 debido a que una camioneta embisti\u00f3 una vivienda, provoc\u00e1ndole serios da\u00f1os en la puerta y ventana. Cuando se habla con la propietaria de la vivienda se da cuenta que se tratar\u00eda de un conflicto que se da en reiteradas oportunidades con [&hellip;]<\/p>\n","protected":false},"author":4,"featured_media":80203,"comment_status":"open","ping_status":"closed","sticky":false,"template":"","format":"standard","meta":{"om_disable_all_campaigns":false,"_jetpack_memberships_contains_paid_content":false,"footnotes":""},"categories":[621],"tags":[139,197,681],"class_list":["post-80202","post","type-post","status-publish","format-standard","has-post-thumbnail","hentry","category-regionales","tag-baradero","tag-buenos-aires","tag-regionales"],"aioseo_notices":[],"gutentor_comment":0,"jetpack_featured_media_url":"https:\/\/eldiariodesanpedro.com.ar\/sitio\/wp-content\/uploads\/2020\/08\/118518834_1498819553639376_1373402913620807955_n.jpg","jetpack_shortlink":"https:\/\/wp.me\/p6RhLt-kRA","jetpack_sharing_enabled":true,"_links":{"self":[{"href":"https:\/\/eldiariodesanpedro.com.ar\/sitio\/wp-json\/wp\/v2\/posts\/80202","targetHints":{"allow":["GET"]}}],"collection":[{"href":"https:\/\/eldiariodesanpedro.com.ar\/sitio\/wp-json\/wp\/v2\/posts"}],"about":[{"href":"https:\/\/eldiariodesanpedro.com.ar\/sitio\/wp-json\/wp\/v2\/types\/post"}],"author":[{"embeddable":true,"href":"https:\/\/eldiariodesanpedro.com.ar\/sitio\/wp-json\/wp\/v2\/users\/4"}],"replies":[{"embeddable":true,"href":"https:\/\/eldiariodesanpedro.com.ar\/sitio\/wp-json\/wp\/v2\/comments?post=80202"}],"version-history":[{"count":1,"href":"https:\/\/eldiariodesanpedro.com.ar\/sitio\/wp-json\/wp\/v2\/posts\/80202\/revisions"}],"predecessor-version":[{"id":80204,"href":"https:\/\/eldiariodesanpedro.com.ar\/sitio\/wp-json\/wp\/v2\/posts\/80202\/revisions\/80204"}],"wp:featuredmedia":[{"embeddable":true,"href":"https:\/\/eldiariodesanpedro.com.ar\/sitio\/wp-json\/wp\/v2\/media\/80203"}],"wp:attachment":[{"href":"https:\/\/eldiariodesanpedro.com.ar\/sitio\/wp-json\/wp\/v2\/media?parent=80202"}],"wp:term":[{"taxonomy":"category","embeddable":true,"href":"https:\/\/eldiariodesanpedro.com.ar\/sitio\/wp-json\/wp\/v2\/categories?post=80202"},{"taxonomy":"post_tag","embeddable":true,"href":"https:\/\/eldiariodesanpedro.com.ar\/sitio\/wp-json\/wp\/v2\/tags?post=80202"}],"curies":[{"name":"wp","href":"https:\/\/api.w.org\/{rel}","templated":true}]}}