{"id":80193,"date":"2020-08-28T18:53:00","date_gmt":"2020-08-28T21:53:00","guid":{"rendered":"https:\/\/eldiariodesanpedro.com.ar\/sitio\/?p=80193"},"modified":"2020-08-28T18:53:04","modified_gmt":"2020-08-28T21:53:04","slug":"la-afip-habilito-la-inscripcion-al-programa-atp-de-agosto-suman-nuevos-sectores","status":"publish","type":"post","link":"https:\/\/eldiariodesanpedro.com.ar\/sitio\/la-afip-habilito-la-inscripcion-al-programa-atp-de-agosto-suman-nuevos-sectores\/","title":{"rendered":"La AFIP habilit\u00f3 la inscripci\u00f3n al programa ATP de agosto: suman nuevos sectores"},"content":{"rendered":"<!-- VideographyWP Plugin Message: Automatic video embedding prevented by plugin options. -->\n\n<p>La Administraci\u00f3n Federal de Ingresos P\u00fablicos (AFIP) habilit\u00f3 este viernes el sistema de inscripci\u00f3n al Programa de Asistencia de Emergencia al Trabajo y la Producci\u00f3n (ATP) y habr\u00e1 tiempo de hacer la operatoria hasta el 3 de septiembre.<\/p>\n\n\n\n<p>Los empleadores que requieran la asistencia estatal para el pago de los salarios de agosto podr\u00e1n registrarse en l\u00ednea, inform\u00f3 el organismo en un comunicado. Para hacerlo las empresas deber\u00e1n ingresar con clave fiscal en afip.gob.ar.<\/p>\n\n\n\n<p>Aquellas firmas que hubieran registrado una variaci\u00f3n nominal negativa en su facturaci\u00f3n entre julio de 2020 y 2019 acceder\u00e1n al salario complementario.<\/p>\n\n\n\n<p>En esta nueva edici\u00f3n del programa, el Gabinete econ\u00f3mico resolvi\u00f3 que las empresas que mantengan o incorporen trabajadores recibir\u00e1n beneficios, y adem\u00e1s se sumar\u00e1n a nuevos sectores que podr\u00e1n acceder al programa como jardines maternales, transportes escolares y gastronom\u00eda.<\/p>\n\n\n\n<p>Por su parte, los empleadores que presenten una variaci\u00f3n nominal positiva en su facturaci\u00f3n de entre 0% y 40%, podr\u00e1n solicitar un Cr\u00e9dito a Tasa Subsidiada del 15% anual. \u201cEl tr\u00e1mite para acceder a un Cr\u00e9dito a Tasa Subsidiada se iniciar\u00e1 a trav\u00e9s del sitio web de la AFIP y los pr\u00e9stamos se terminar\u00e1n de gestionar ante la entidad bancaria seleccionada por cada empresa\u201d, indic\u00f3 el organismo.<\/p>\n\n\n\n<p>Tambi\u00e9n precis\u00f3 que \u201clos Cr\u00e9ditos a Tasa Subsidiada s\u00f3lo pueden destinarse al pago de los salarios de trabajadoras y trabajadores de las empresas beneficiadas\u201d. Y agreg\u00f3: \u201cPor eso, el financiamiento se acreditar\u00e1 directamente en las cuentas bancarias de cada una de las trabajadoras y trabajadores\u201d.<\/p>\n\n\n\n<p>Destac\u00f3 que \u201cla normativa contempla la posibilidad de convertir los Cr\u00e9ditos a Tasa Subsidiada en un subsidio, siempre y cuando las empresas beneficiadas cumplan determinadas metas de empleo\u201d.<\/p>\n\n\n\n<p>\u201cEsas pautas ser\u00e1n establecidas por el Ministerio de Desarrollo Productivo\u201d, indic\u00f3 el organismo. (DIB) FD<\/p>\n","protected":false},"excerpt":{"rendered":"<p>La Administraci\u00f3n Federal de Ingresos P\u00fablicos (AFIP) habilit\u00f3 este viernes el sistema de inscripci\u00f3n al Programa de Asistencia de Emergencia al Trabajo y la Producci\u00f3n (ATP) y habr\u00e1 tiempo de hacer la operatoria hasta el 3 de septiembre. Los empleadores que requieran la asistencia estatal para el pago de los salarios de agosto podr\u00e1n registrarse [&hellip;]<\/p>\n","protected":false},"author":4,"featured_media":80194,"comment_status":"open","ping_status":"closed","sticky":false,"template":"","format":"standard","meta":{"om_disable_all_campaigns":false,"_jetpack_memberships_contains_paid_content":false,"footnotes":""},"categories":[101,2],"tags":[1515,1435,197,696,33],"class_list":["post-80193","post","type-post","status-publish","format-standard","has-post-thumbnail","hentry","category-interes-general-locales","category-locales","tag-afip","tag-atp","tag-buenos-aires","tag-interes-general","tag-locales"],"aioseo_notices":[],"gutentor_comment":0,"jetpack_featured_media_url":"https:\/\/eldiariodesanpedro.com.ar\/sitio\/wp-content\/uploads\/2020\/08\/AFIP-COMUNICA-696x696-1.jpg","jetpack_shortlink":"https:\/\/wp.me\/p6RhLt-kRr","jetpack_sharing_enabled":true,"_links":{"self":[{"href":"https:\/\/eldiariodesanpedro.com.ar\/sitio\/wp-json\/wp\/v2\/posts\/80193","targetHints":{"allow":["GET"]}}],"collection":[{"href":"https:\/\/eldiariodesanpedro.com.ar\/sitio\/wp-json\/wp\/v2\/posts"}],"about":[{"href":"https:\/\/eldiariodesanpedro.com.ar\/sitio\/wp-json\/wp\/v2\/types\/post"}],"author":[{"embeddable":true,"href":"https:\/\/eldiariodesanpedro.com.ar\/sitio\/wp-json\/wp\/v2\/users\/4"}],"replies":[{"embeddable":true,"href":"https:\/\/eldiariodesanpedro.com.ar\/sitio\/wp-json\/wp\/v2\/comments?post=80193"}],"version-history":[{"count":1,"href":"https:\/\/eldiariodesanpedro.com.ar\/sitio\/wp-json\/wp\/v2\/posts\/80193\/revisions"}],"predecessor-version":[{"id":80195,"href":"https:\/\/eldiariodesanpedro.com.ar\/sitio\/wp-json\/wp\/v2\/posts\/80193\/revisions\/80195"}],"wp:featuredmedia":[{"embeddable":true,"href":"https:\/\/eldiariodesanpedro.com.ar\/sitio\/wp-json\/wp\/v2\/media\/80194"}],"wp:attachment":[{"href":"https:\/\/eldiariodesanpedro.com.ar\/sitio\/wp-json\/wp\/v2\/media?parent=80193"}],"wp:term":[{"taxonomy":"category","embeddable":true,"href":"https:\/\/eldiariodesanpedro.com.ar\/sitio\/wp-json\/wp\/v2\/categories?post=80193"},{"taxonomy":"post_tag","embeddable":true,"href":"https:\/\/eldiariodesanpedro.com.ar\/sitio\/wp-json\/wp\/v2\/tags?post=80193"}],"curies":[{"name":"wp","href":"https:\/\/api.w.org\/{rel}","templated":true}]}}