{"id":80187,"date":"2020-08-28T18:48:59","date_gmt":"2020-08-28T21:48:59","guid":{"rendered":"https:\/\/eldiariodesanpedro.com.ar\/sitio\/?p=80187"},"modified":"2020-08-28T18:49:36","modified_gmt":"2020-08-28T21:49:36","slug":"centro-de-estudios-historicos-de-san-pedro-celebra-43-anos-de-vida","status":"publish","type":"post","link":"https:\/\/eldiariodesanpedro.com.ar\/sitio\/centro-de-estudios-historicos-de-san-pedro-celebra-43-anos-de-vida\/","title":{"rendered":"Centro de Estudios Hist\u00f3ricos de San Pedro celebra 43 a\u00f1os de vida"},"content":{"rendered":"<!-- VideographyWP Plugin Message: Automatic video embedding prevented by plugin options. -->\n\n<p>El Centro de Estudios Hist\u00f3ricos de San Pedro y el Museo Hist\u00f3rico regional celebra 43 a\u00f1os de historias, con la palabra de su fundador Am\u00e9rico Piccagli.<\/p>\n\n\n\n<p>A\u00fan en tiempos dif\u00edciles como los que atravesamos, es tan necesario mirar hacia atr\u00e1s, con la mirada puesta en el reconocimiento por lo realizado, como hacia el futuro, con la energ\u00eda positiva de proyectar un mejor ma\u00f1ana.<\/p>\n\n\n\n<p>Quienes hoy somos parte circunstancial de la vida y obra del CENTRO DE ESTUDIOS HIST\u00d3RICOS DE SAN PEDRO y del MUSEO HIST\u00d3RICO REGIONAL \u00abFray Jos\u00e9 Mar\u00eda Bottaro\u00bb, queremos celebrar junto a ustedes el f\u00e9rtil proyecto que inici\u00f3 don AM\u00c9RICO PICCAGLI, all\u00e1 por agosto del a\u00f1o 1977, cuando dio vida a la asociaci\u00f3n civil que, un a\u00f1o m\u00e1s tarde, concretar\u00eda la necesaria apertura de un museo hist\u00f3rico para la ciudad y la regi\u00f3n.<\/p>\n\n\n\n<p>En su voz, con sus recuerdos y sus sue\u00f1os\u2026 43 A\u00d1OS DE RECOPILACI\u00d3N, INVESTIGACI\u00d3N Y DIFUSI\u00d3N de la historia sampedrina. \u00a1Que sean muchos m\u00e1s!<\/p>\n\n\n\n<p>\u00abLa instituci\u00f3n que hoy nos convoca no surge como producto de una convocatoria, sino que es parte de una investigaci\u00f3n realizada personalmente durante un largo tiempo en los distintos archivos p\u00fablicos y de documentaci\u00f3n privada vinculada al pasado de este rinc\u00f3n del r\u00edo Paran\u00e1\u00bb.<\/p>\n\n\n\n<p>\u00abLa necesidad de participar de encuentros afines a la investigaci\u00f3n hist\u00f3rica y de hacer conocer la tarea realizada, me impuso ponerle el nombre de Centro de Estudios Hist\u00f3ricos de San Pedro, adoptado luego de varios a\u00f1os de trabajo el 26 de agosto de 1977, fijando claramente la intenci\u00f3n de concuLa instituci\u00f3n que hoy nos convoca no surge como producto de una convocatoria, sino que es parte de una investigaci\u00f3n realizada personalmente durante un largo tiempo en los distintos archivos p\u00fablicos y de documentaci\u00f3n privada vinculada al pasado de este rinc\u00f3n del r\u00edo Paran\u00e1.rrir a los congresos convocados por el Archivo Ricardo Lebene de La Plata y a la vez materializar la publicaci\u00f3n de una obra documentada e integral sobre el origen y evoluci\u00f3n de nuestra ciudad y en reconocimiento a las primeras publicaciones de nuestro pasado. Despu\u00e9s de varios a\u00f1os de investigaci\u00f3n y publicados ya varios tomos de la obra, opt\u00e9 por otorgarle car\u00e1cter institucional, incorporando a una comisi\u00f3n amigos del Centro de Estudios Hist\u00f3ricos de San Pedro, integrada por amantes de la historia, que me acompa\u00f1aron ya institucionalmente hasta realizar una lecci\u00f3n para integrar una comisi\u00f3n directiva encargada de asumir la condici\u00f3n administrativa previa, de solicitar la personer\u00eda jur\u00eddica y la conservaci\u00f3n del Museo Hist\u00f3rico Fray Jos\u00e9 Mar\u00eda Bottaro, dependiente del Centro. La tarea realizada en cumplimiento de los objetivos que impulsaron la creaci\u00f3n del centro y la publicaci\u00f3n de la historia documental de San Pedro, han merecido el reconocimiento del Gobierno de la Provincia de Buenos Aires, declarando de inter\u00e9s provincial la misma, al igual que el Centro de Estudios Hist\u00f3ricos de San Pedro. As\u00ed, en esta breve s\u00edntesis puedo hacerles conocer el inicio del Centro de Estudios Hist\u00f3ricos de San Pedro\u00bb.<\/p>\n\n\n\n<p>La Palabras de Americo Picagli gran escritor sampedrino: <\/p>\n\n\n\n<figure class=\"wp-block-audio\"><audio controls src=\"https:\/\/eldiariodesanpedro.com.ar\/sitio\/wp-content\/uploads\/2020\/08\/americo-online-audio-converter.com_.mp3\" autoplay><\/audio><\/figure>\n\n\n\n<p>amigoscentrodeestudioshistoricos #museohistoricobottaro \u201c#agostosetiembre #mesesdeaniversario #celebracion<\/p>\n","protected":false},"excerpt":{"rendered":"<p>El Centro de Estudios Hist\u00f3ricos de San Pedro y el Museo Hist\u00f3rico regional celebra 43 a\u00f1os de historias, con la palabra de su fundador Am\u00e9rico Piccagli. A\u00fan en tiempos dif\u00edciles como los que atravesamos, es tan necesario mirar hacia atr\u00e1s, con la mirada puesta en el reconocimiento por lo realizado, como hacia el futuro, con [&hellip;]<\/p>\n","protected":false},"author":4,"featured_media":80189,"comment_status":"open","ping_status":"closed","sticky":false,"template":"","format":"standard","meta":{"om_disable_all_campaigns":false,"_jetpack_memberships_contains_paid_content":false,"footnotes":""},"categories":[101,2],"tags":[197,1750,696,33,1040],"class_list":["post-80187","post","type-post","status-publish","format-standard","has-post-thumbnail","hentry","category-interes-general-locales","category-locales","tag-buenos-aires","tag-centro-de-estudios-historicos","tag-interes-general","tag-locales","tag-san-pedro-buenos-aires"],"aioseo_notices":[],"gutentor_comment":0,"jetpack_featured_media_url":"https:\/\/eldiariodesanpedro.com.ar\/sitio\/wp-content\/uploads\/2020\/08\/WhatsApp-Image-2020-08-28-at-18.15.26.jpeg","jetpack_shortlink":"https:\/\/wp.me\/p6RhLt-kRl","jetpack_sharing_enabled":true,"_links":{"self":[{"href":"https:\/\/eldiariodesanpedro.com.ar\/sitio\/wp-json\/wp\/v2\/posts\/80187","targetHints":{"allow":["GET"]}}],"collection":[{"href":"https:\/\/eldiariodesanpedro.com.ar\/sitio\/wp-json\/wp\/v2\/posts"}],"about":[{"href":"https:\/\/eldiariodesanpedro.com.ar\/sitio\/wp-json\/wp\/v2\/types\/post"}],"author":[{"embeddable":true,"href":"https:\/\/eldiariodesanpedro.com.ar\/sitio\/wp-json\/wp\/v2\/users\/4"}],"replies":[{"embeddable":true,"href":"https:\/\/eldiariodesanpedro.com.ar\/sitio\/wp-json\/wp\/v2\/comments?post=80187"}],"version-history":[{"count":3,"href":"https:\/\/eldiariodesanpedro.com.ar\/sitio\/wp-json\/wp\/v2\/posts\/80187\/revisions"}],"predecessor-version":[{"id":80192,"href":"https:\/\/eldiariodesanpedro.com.ar\/sitio\/wp-json\/wp\/v2\/posts\/80187\/revisions\/80192"}],"wp:featuredmedia":[{"embeddable":true,"href":"https:\/\/eldiariodesanpedro.com.ar\/sitio\/wp-json\/wp\/v2\/media\/80189"}],"wp:attachment":[{"href":"https:\/\/eldiariodesanpedro.com.ar\/sitio\/wp-json\/wp\/v2\/media?parent=80187"}],"wp:term":[{"taxonomy":"category","embeddable":true,"href":"https:\/\/eldiariodesanpedro.com.ar\/sitio\/wp-json\/wp\/v2\/categories?post=80187"},{"taxonomy":"post_tag","embeddable":true,"href":"https:\/\/eldiariodesanpedro.com.ar\/sitio\/wp-json\/wp\/v2\/tags?post=80187"}],"curies":[{"name":"wp","href":"https:\/\/api.w.org\/{rel}","templated":true}]}}