{"id":80180,"date":"2020-08-28T14:36:35","date_gmt":"2020-08-28T17:36:35","guid":{"rendered":"https:\/\/eldiariodesanpedro.com.ar\/sitio\/?p=80180"},"modified":"2020-08-28T14:36:39","modified_gmt":"2020-08-28T17:36:39","slug":"la-municipalidad-de-san-pedro-comprara-un-arco-en-c-para-el-hospital-con-la-colaboracion-de-osprera","status":"publish","type":"post","link":"https:\/\/eldiariodesanpedro.com.ar\/sitio\/la-municipalidad-de-san-pedro-comprara-un-arco-en-c-para-el-hospital-con-la-colaboracion-de-osprera\/","title":{"rendered":"La Municipalidad de San Pedro comprar\u00e1 un Arco en C para el Hospital con la colaboraci\u00f3n de OSPRERA"},"content":{"rendered":"<!-- VideographyWP Plugin Message: Automatic video embedding prevented by plugin options. -->\n\n<p>La Municipalidad de San Pedro ha comenzado el proceso de licitaci\u00f3n para la compra de un equipo de \u201cArco en C\u201d, para ser instalado en el Hospital Emilio Ruffa, incorporando de esta manera un recurso tecnol\u00f3gico de \u00faltima generaci\u00f3n para la infraestructura sanitaria de nuestra ciudad.<\/p>\n\n\n\n<p>El Intendente Cecilio Salazar inici\u00f3 hace varias semanas gestiones ante las m\u00e1ximas autoridades de OSPRERA con el prop\u00f3sito de obtener un apoyo econ\u00f3mico que permita hacer frente a una inversi\u00f3n de m\u00e1s de 7 millones de pesos.<\/p>\n\n\n\n<p>En ese contexto, el pasado 5 de agosto tras una entrevista con el Presidente de la Obra Social y Secretario General de UATRE, Ram\u00f3n Ayala, se confirm\u00f3 la voluntad de acompa\u00f1ar esta iniciativa, entendiendo la importancia que constituye para la comunidad sampedrina.<\/p>\n\n\n\n<p>Desde la administraci\u00f3n del Hospital se realizaron las gestiones pertinentes para determinar las caracter\u00edsticas apropiadas para el montaje de este equipo en el nosocomio y tras cumplimentar los pasos administrativos correspondientes se public\u00f3 la Licitaci\u00f3n P\u00fablica 3\/20 para la provisi\u00f3n de este equipamiento.<\/p>\n\n\n\n<p>Un Arco en C es un equipo especializado en Im\u00e1genes de Rayos X, que brinda la posibilidad de visualizar im\u00e1genes de alta resoluci\u00f3n, de est\u00e1 manera se podr\u00e1n realizar nuevos procedimientos, de manera menos invasiva, con menores tiempos de cirug\u00eda y recuperacion. Las principales aplicaciones de este equipo se encuentran en las \u00e1reas de cirug\u00eda general, cirug\u00eda abdominal, cirug\u00eda de t\u00f3rax, traumatolog\u00eda y ortopedia, cirug\u00eda vascular, cardiolog\u00eda y neurocirug\u00eda entre otras.<\/p>\n\n\n\n<p>Actualmente se lo emplea durante ex\u00e1menes o cirug\u00edas generales o especializadas y ex\u00e1menes que en otras circunstancias suelen requerir derivaciones por su complejidad y que de este modo podr\u00e1n realizarse en nuestro hospital.<\/p>\n\n\n\n<p>Esta compra que ser\u00e1 posible con el aporte de OSPRERA avanzar\u00e1 tras el cierre de la recepci\u00f3n de ofertas previsto para el 29 de Septiembre y se estima que el equipo pueda estar operativo en menos de dos meses tras su adjudicaci\u00f3n.<\/p>\n\n\n\n<p>Desde la Municipalidad de San Pedro compartimos esta excelente noticia que en tiempos tan complicados tambi\u00e9n viene a respaldar a todos los profesionales de la salud que d\u00eda a d\u00eda vienen entregando su esfuerzo y dedicaci\u00f3n para la atenci\u00f3n de nuestros vecinos.<\/p>\n","protected":false},"excerpt":{"rendered":"<p>La Municipalidad de San Pedro ha comenzado el proceso de licitaci\u00f3n para la compra de un equipo de \u201cArco en C\u201d, para ser instalado en el Hospital Emilio Ruffa, incorporando de esta manera un recurso tecnol\u00f3gico de \u00faltima generaci\u00f3n para la infraestructura sanitaria de nuestra ciudad. El Intendente Cecilio Salazar inici\u00f3 hace varias semanas gestiones [&hellip;]<\/p>\n","protected":false},"author":4,"featured_media":80181,"comment_status":"open","ping_status":"closed","sticky":false,"template":"","format":"standard","meta":{"om_disable_all_campaigns":false,"_jetpack_memberships_contains_paid_content":false,"footnotes":""},"categories":[50,101,2],"tags":[197,696,33],"class_list":["post-80180","post","type-post","status-publish","format-standard","has-post-thumbnail","hentry","category-destacadas","category-interes-general-locales","category-locales","tag-buenos-aires","tag-interes-general","tag-locales"],"aioseo_notices":[],"gutentor_comment":0,"jetpack_featured_media_url":"https:\/\/eldiariodesanpedro.com.ar\/sitio\/wp-content\/uploads\/2020\/08\/WhatsApp-Image-2020-08-28-at-13.09.39.jpeg","jetpack_shortlink":"https:\/\/wp.me\/p6RhLt-kRe","jetpack_sharing_enabled":true,"_links":{"self":[{"href":"https:\/\/eldiariodesanpedro.com.ar\/sitio\/wp-json\/wp\/v2\/posts\/80180","targetHints":{"allow":["GET"]}}],"collection":[{"href":"https:\/\/eldiariodesanpedro.com.ar\/sitio\/wp-json\/wp\/v2\/posts"}],"about":[{"href":"https:\/\/eldiariodesanpedro.com.ar\/sitio\/wp-json\/wp\/v2\/types\/post"}],"author":[{"embeddable":true,"href":"https:\/\/eldiariodesanpedro.com.ar\/sitio\/wp-json\/wp\/v2\/users\/4"}],"replies":[{"embeddable":true,"href":"https:\/\/eldiariodesanpedro.com.ar\/sitio\/wp-json\/wp\/v2\/comments?post=80180"}],"version-history":[{"count":1,"href":"https:\/\/eldiariodesanpedro.com.ar\/sitio\/wp-json\/wp\/v2\/posts\/80180\/revisions"}],"predecessor-version":[{"id":80182,"href":"https:\/\/eldiariodesanpedro.com.ar\/sitio\/wp-json\/wp\/v2\/posts\/80180\/revisions\/80182"}],"wp:featuredmedia":[{"embeddable":true,"href":"https:\/\/eldiariodesanpedro.com.ar\/sitio\/wp-json\/wp\/v2\/media\/80181"}],"wp:attachment":[{"href":"https:\/\/eldiariodesanpedro.com.ar\/sitio\/wp-json\/wp\/v2\/media?parent=80180"}],"wp:term":[{"taxonomy":"category","embeddable":true,"href":"https:\/\/eldiariodesanpedro.com.ar\/sitio\/wp-json\/wp\/v2\/categories?post=80180"},{"taxonomy":"post_tag","embeddable":true,"href":"https:\/\/eldiariodesanpedro.com.ar\/sitio\/wp-json\/wp\/v2\/tags?post=80180"}],"curies":[{"name":"wp","href":"https:\/\/api.w.org\/{rel}","templated":true}]}}