{"id":80162,"date":"2020-08-28T11:02:10","date_gmt":"2020-08-28T14:02:10","guid":{"rendered":"https:\/\/eldiariodesanpedro.com.ar\/sitio\/?p=80162"},"modified":"2020-08-28T11:02:13","modified_gmt":"2020-08-28T14:02:13","slug":"joven-de-16-realizo-un-disparo-hacia-una-propiedad-y-se-realizaron-allanamientos-tres-aprehendidos","status":"publish","type":"post","link":"https:\/\/eldiariodesanpedro.com.ar\/sitio\/joven-de-16-realizo-un-disparo-hacia-una-propiedad-y-se-realizaron-allanamientos-tres-aprehendidos\/","title":{"rendered":"Joven de 16 realizo un disparo hacia una propiedad y se realizaron allanamientos, tres aprehendidos"},"content":{"rendered":"<!-- VideographyWP Plugin Message: Automatic video embedding prevented by plugin options. -->\n\n<p>En la jornada de ayer la polic\u00eda de nuestra ciudad realiz\u00f3 dos allanamientos tras hechos de abuso de armas en los que varios de ellos resultaron positivos y se logr\u00f3 la aprehensi\u00f3n de un delincuente.<\/p>\n\n\n\n<p>Las diligencias se desprenden por parte de un hecho ocurrido este jueves en horas de la tarde cuando un un joven de 16 a\u00f1os de edad realizara un disparo con arma tumbera hacia la propiedad&nbsp; de un ciudadano de 43 a\u00f1os de edad que se reside en calle javier Rivero, provocando el da\u00f1o en en una abertura, afortunadamente la v\u00edctima llega a divisar al responsable para poder identificarlo.<\/p>\n\n\n\n<p>El Juzgado de Garant\u00edas del Joven de San Nicol\u00e1s autoriza a la polic\u00eda local a realizar el allanamiento de dos viviendas donde reside el menor y otro de un familiar directo.<\/p>\n\n\n\n<p>El personal del GAD y del GTO&nbsp; a cargo de Guillermo Tursi se hicieron presentes en dos domicilios el primero en calle Javier Rivero 700 residencia del menor imputado, que dio como resultado negativo, de cualquier manera por orden judicial se lo traslado a sede policial fines notificar de la formaci\u00f3n de la causa, estando sometido a proceso penal imputado de abuso de armas.<\/p>\n\n\n\n<p>El segundo objetivo fue ubicado en una vivienda de calle Manuel Iglesias al 800 residencia de masculino de 41 a\u00f1os, que dio como resultado positivo, realiz\u00e1ndose el secuestro de arma de fuego fabricaci\u00f3n casera \u201ctumbera\u201d y dos cartuchos calibre 16 intactos, siendo aprehendido el morador y una mujer de 20 a\u00f1os, quienes en diligencia opusieron resistencia entorpeciendo la labor policial intentando agredir comisi\u00f3n.&nbsp;<\/p>\n\n\n\n<p>La mujer recuper\u00f3 la libertad, mientras que el masculino de 41 a\u00f1os contin\u00faa alojado en sede policial a disposici\u00f3n judicial.\u00a0<\/p>\n\n\n\n<figure class=\"wp-block-image size-large\"><img decoding=\"async\" width=\"1024\" height=\"768\" data-attachment-id=\"80164\" data-permalink=\"https:\/\/eldiariodesanpedro.com.ar\/sitio\/joven-de-16-realizo-un-disparo-hacia-una-propiedad-y-se-realizaron-allanamientos-tres-aprehendidos\/whatsapp-image-2020-08-28-at-10-31-19-2\/\" data-orig-file=\"https:\/\/eldiariodesanpedro.com.ar\/sitio\/wp-content\/uploads\/2020\/08\/WhatsApp-Image-2020-08-28-at-10.31.19-2.jpeg\" data-orig-size=\"1280,960\" data-comments-opened=\"1\" data-image-meta=\"{&quot;aperture&quot;:&quot;0&quot;,&quot;credit&quot;:&quot;&quot;,&quot;camera&quot;:&quot;&quot;,&quot;caption&quot;:&quot;&quot;,&quot;created_timestamp&quot;:&quot;0&quot;,&quot;copyright&quot;:&quot;&quot;,&quot;focal_length&quot;:&quot;0&quot;,&quot;iso&quot;:&quot;0&quot;,&quot;shutter_speed&quot;:&quot;0&quot;,&quot;title&quot;:&quot;&quot;,&quot;orientation&quot;:&quot;0&quot;}\" data-image-title=\"WhatsApp Image 2020-08-28 at 10.31.19 (2)\" data-image-description=\"\" data-image-caption=\"\" data-large-file=\"https:\/\/eldiariodesanpedro.com.ar\/sitio\/wp-content\/uploads\/2020\/08\/WhatsApp-Image-2020-08-28-at-10.31.19-2-1024x768.jpeg\" data-src=\"https:\/\/eldiariodesanpedro.com.ar\/sitio\/wp-content\/uploads\/2020\/08\/WhatsApp-Image-2020-08-28-at-10.31.19-2-1024x768.jpeg\" alt=\"\" class=\"wp-image-80164 lazyload\" data-srcset=\"https:\/\/eldiariodesanpedro.com.ar\/sitio\/wp-content\/uploads\/2020\/08\/WhatsApp-Image-2020-08-28-at-10.31.19-2-1024x768.jpeg 1024w, https:\/\/eldiariodesanpedro.com.ar\/sitio\/wp-content\/uploads\/2020\/08\/WhatsApp-Image-2020-08-28-at-10.31.19-2-300x225.jpeg 300w, https:\/\/eldiariodesanpedro.com.ar\/sitio\/wp-content\/uploads\/2020\/08\/WhatsApp-Image-2020-08-28-at-10.31.19-2-768x576.jpeg 768w, https:\/\/eldiariodesanpedro.com.ar\/sitio\/wp-content\/uploads\/2020\/08\/WhatsApp-Image-2020-08-28-at-10.31.19-2-500x375.jpeg 500w, https:\/\/eldiariodesanpedro.com.ar\/sitio\/wp-content\/uploads\/2020\/08\/WhatsApp-Image-2020-08-28-at-10.31.19-2.jpeg 1280w\" data-sizes=\"(max-width: 1024px) 100vw, 1024px\" src=\"data:image\/svg+xml;base64,PHN2ZyB3aWR0aD0iMSIgaGVpZ2h0PSIxIiB4bWxucz0iaHR0cDovL3d3dy53My5vcmcvMjAwMC9zdmciPjwvc3ZnPg==\" style=\"--smush-placeholder-width: 1024px; --smush-placeholder-aspect-ratio: 1024\/768;\" \/><\/figure>\n\n\n\n<figure class=\"wp-block-image size-large\"><img decoding=\"async\" width=\"768\" height=\"1024\" data-attachment-id=\"80163\" data-permalink=\"https:\/\/eldiariodesanpedro.com.ar\/sitio\/joven-de-16-realizo-un-disparo-hacia-una-propiedad-y-se-realizaron-allanamientos-tres-aprehendidos\/whatsapp-image-2020-08-28-at-10-31-19-1\/\" data-orig-file=\"https:\/\/eldiariodesanpedro.com.ar\/sitio\/wp-content\/uploads\/2020\/08\/WhatsApp-Image-2020-08-28-at-10.31.19-1.jpeg\" data-orig-size=\"864,1152\" data-comments-opened=\"1\" data-image-meta=\"{&quot;aperture&quot;:&quot;0&quot;,&quot;credit&quot;:&quot;&quot;,&quot;camera&quot;:&quot;&quot;,&quot;caption&quot;:&quot;&quot;,&quot;created_timestamp&quot;:&quot;0&quot;,&quot;copyright&quot;:&quot;&quot;,&quot;focal_length&quot;:&quot;0&quot;,&quot;iso&quot;:&quot;0&quot;,&quot;shutter_speed&quot;:&quot;0&quot;,&quot;title&quot;:&quot;&quot;,&quot;orientation&quot;:&quot;0&quot;}\" data-image-title=\"WhatsApp Image 2020-08-28 at 10.31.19 (1)\" data-image-description=\"\" data-image-caption=\"\" data-large-file=\"https:\/\/eldiariodesanpedro.com.ar\/sitio\/wp-content\/uploads\/2020\/08\/WhatsApp-Image-2020-08-28-at-10.31.19-1-768x1024.jpeg\" data-src=\"https:\/\/eldiariodesanpedro.com.ar\/sitio\/wp-content\/uploads\/2020\/08\/WhatsApp-Image-2020-08-28-at-10.31.19-1-768x1024.jpeg\" alt=\"\" class=\"wp-image-80163 lazyload\" data-srcset=\"https:\/\/eldiariodesanpedro.com.ar\/sitio\/wp-content\/uploads\/2020\/08\/WhatsApp-Image-2020-08-28-at-10.31.19-1-768x1024.jpeg 768w, https:\/\/eldiariodesanpedro.com.ar\/sitio\/wp-content\/uploads\/2020\/08\/WhatsApp-Image-2020-08-28-at-10.31.19-1-225x300.jpeg 225w, https:\/\/eldiariodesanpedro.com.ar\/sitio\/wp-content\/uploads\/2020\/08\/WhatsApp-Image-2020-08-28-at-10.31.19-1.jpeg 864w\" data-sizes=\"(max-width: 768px) 100vw, 768px\" src=\"data:image\/svg+xml;base64,PHN2ZyB3aWR0aD0iMSIgaGVpZ2h0PSIxIiB4bWxucz0iaHR0cDovL3d3dy53My5vcmcvMjAwMC9zdmciPjwvc3ZnPg==\" style=\"--smush-placeholder-width: 768px; --smush-placeholder-aspect-ratio: 768\/1024;\" \/><\/figure>\n","protected":false},"excerpt":{"rendered":"<p>En la jornada de ayer la polic\u00eda de nuestra ciudad realiz\u00f3 dos allanamientos tras hechos de abuso de armas en los que varios de ellos resultaron positivos y se logr\u00f3 la aprehensi\u00f3n de un delincuente. Las diligencias se desprenden por parte de un hecho ocurrido este jueves en horas de la tarde cuando un un [&hellip;]<\/p>\n","protected":false},"author":4,"featured_media":80165,"comment_status":"open","ping_status":"closed","sticky":false,"template":"","format":"standard","meta":{"om_disable_all_campaigns":false,"_jetpack_memberships_contains_paid_content":false,"footnotes":""},"categories":[2,103],"tags":[197,33,752,19],"class_list":["post-80162","post","type-post","status-publish","format-standard","has-post-thumbnail","hentry","category-locales","category-policiales-locales","tag-buenos-aires","tag-locales","tag-policailes","tag-san-pedro"],"aioseo_notices":[],"gutentor_comment":0,"jetpack_featured_media_url":"https:\/\/eldiariodesanpedro.com.ar\/sitio\/wp-content\/uploads\/2020\/08\/WhatsApp-Image-2020-08-28-at-10.31.19.jpeg","jetpack_shortlink":"https:\/\/wp.me\/p6RhLt-kQW","jetpack_sharing_enabled":true,"_links":{"self":[{"href":"https:\/\/eldiariodesanpedro.com.ar\/sitio\/wp-json\/wp\/v2\/posts\/80162","targetHints":{"allow":["GET"]}}],"collection":[{"href":"https:\/\/eldiariodesanpedro.com.ar\/sitio\/wp-json\/wp\/v2\/posts"}],"about":[{"href":"https:\/\/eldiariodesanpedro.com.ar\/sitio\/wp-json\/wp\/v2\/types\/post"}],"author":[{"embeddable":true,"href":"https:\/\/eldiariodesanpedro.com.ar\/sitio\/wp-json\/wp\/v2\/users\/4"}],"replies":[{"embeddable":true,"href":"https:\/\/eldiariodesanpedro.com.ar\/sitio\/wp-json\/wp\/v2\/comments?post=80162"}],"version-history":[{"count":1,"href":"https:\/\/eldiariodesanpedro.com.ar\/sitio\/wp-json\/wp\/v2\/posts\/80162\/revisions"}],"predecessor-version":[{"id":80166,"href":"https:\/\/eldiariodesanpedro.com.ar\/sitio\/wp-json\/wp\/v2\/posts\/80162\/revisions\/80166"}],"wp:featuredmedia":[{"embeddable":true,"href":"https:\/\/eldiariodesanpedro.com.ar\/sitio\/wp-json\/wp\/v2\/media\/80165"}],"wp:attachment":[{"href":"https:\/\/eldiariodesanpedro.com.ar\/sitio\/wp-json\/wp\/v2\/media?parent=80162"}],"wp:term":[{"taxonomy":"category","embeddable":true,"href":"https:\/\/eldiariodesanpedro.com.ar\/sitio\/wp-json\/wp\/v2\/categories?post=80162"},{"taxonomy":"post_tag","embeddable":true,"href":"https:\/\/eldiariodesanpedro.com.ar\/sitio\/wp-json\/wp\/v2\/tags?post=80162"}],"curies":[{"name":"wp","href":"https:\/\/api.w.org\/{rel}","templated":true}]}}