{"id":80158,"date":"2020-08-28T10:37:45","date_gmt":"2020-08-28T13:37:45","guid":{"rendered":"https:\/\/eldiariodesanpedro.com.ar\/sitio\/?p=80158"},"modified":"2020-08-28T10:37:49","modified_gmt":"2020-08-28T13:37:49","slug":"comienza-la-6o-feria-del-libro-en-esta-ocasion-sera-virtual-por-redes-sociales","status":"publish","type":"post","link":"https:\/\/eldiariodesanpedro.com.ar\/sitio\/comienza-la-6o-feria-del-libro-en-esta-ocasion-sera-virtual-por-redes-sociales\/","title":{"rendered":"Comienza la 6\u00ba Feria del Libro, en esta ocasi\u00f3n sera virtual por redes sociales"},"content":{"rendered":"<!-- VideographyWP Plugin Message: Automatic video embedding prevented by plugin options. -->\n\n<p>Desde la Sociedad Italiana se invita a la comunidad de San Pedro a participar de la \u00bb 6\u00aa Feria del Libro y del escritor 2020&#8243;, que este a\u00f1o debido a la emergencia sanitaria debido al Covid 19, se har\u00e1 en forma virtual a trav\u00e9s del Facebook&nbsp; e Instagram de la Sociedad Italiana y durara hasta el pr\u00f3ximo jueves 4 de septiembre.&nbsp;<\/p>\n\n\n\n<p>Ma\u00f1ana s\u00e1bado se dar\u00e1 inicio a la misma, y durante toda la semana se podr\u00e1n ver entrevistas, presentaci\u00f3n de libros y charlas de autores e Instituciones, no s\u00f3lo de San Pedro sino tambi\u00e9n de diferentes ciudades de la Argentina y de pa\u00edses de Latinoam\u00e9rica.<\/p>\n\n\n\n<p>\u201cEsperamos que esta nueva experiencia sea del agrado de quienes visiten nuestras redes sociales\u201d.&nbsp;<\/p>\n\n\n\n<p>Facebook: <a href=\"https:\/\/www.facebook.com\/socitalianasanpedro\">Sociedad Italiana San Pedro<\/a><\/p>\n\n\n\n<p>Instagram: <a href=\"https:\/\/www.instagram.com\/sociedaditalianasanpedro\/\">sociedaditalianasanpedro<\/a><\/p>\n\n\n\n<figure class=\"wp-block-image size-large\"><img decoding=\"async\" width=\"1024\" height=\"1024\" data-attachment-id=\"80160\" data-permalink=\"https:\/\/eldiariodesanpedro.com.ar\/sitio\/comienza-la-6o-feria-del-libro-en-esta-ocasion-sera-virtual-por-redes-sociales\/11-14\/\" data-orig-file=\"https:\/\/eldiariodesanpedro.com.ar\/sitio\/wp-content\/uploads\/2020\/08\/11.jpg\" data-orig-size=\"1080,1080\" data-comments-opened=\"1\" data-image-meta=\"{&quot;aperture&quot;:&quot;0&quot;,&quot;credit&quot;:&quot;&quot;,&quot;camera&quot;:&quot;&quot;,&quot;caption&quot;:&quot;&quot;,&quot;created_timestamp&quot;:&quot;0&quot;,&quot;copyright&quot;:&quot;&quot;,&quot;focal_length&quot;:&quot;0&quot;,&quot;iso&quot;:&quot;0&quot;,&quot;shutter_speed&quot;:&quot;0&quot;,&quot;title&quot;:&quot;&quot;,&quot;orientation&quot;:&quot;0&quot;}\" data-image-title=\"11\" data-image-description=\"\" data-image-caption=\"\" data-large-file=\"https:\/\/eldiariodesanpedro.com.ar\/sitio\/wp-content\/uploads\/2020\/08\/11-1024x1024.jpg\" data-src=\"https:\/\/eldiariodesanpedro.com.ar\/sitio\/wp-content\/uploads\/2020\/08\/11-1024x1024.jpg\" alt=\"\" class=\"wp-image-80160 lazyload\" data-srcset=\"https:\/\/eldiariodesanpedro.com.ar\/sitio\/wp-content\/uploads\/2020\/08\/11-1024x1024.jpg 1024w, https:\/\/eldiariodesanpedro.com.ar\/sitio\/wp-content\/uploads\/2020\/08\/11-300x300.jpg 300w, https:\/\/eldiariodesanpedro.com.ar\/sitio\/wp-content\/uploads\/2020\/08\/11-150x150.jpg 150w, https:\/\/eldiariodesanpedro.com.ar\/sitio\/wp-content\/uploads\/2020\/08\/11-768x768.jpg 768w, https:\/\/eldiariodesanpedro.com.ar\/sitio\/wp-content\/uploads\/2020\/08\/11.jpg 1080w\" data-sizes=\"(max-width: 1024px) 100vw, 1024px\" src=\"data:image\/svg+xml;base64,PHN2ZyB3aWR0aD0iMSIgaGVpZ2h0PSIxIiB4bWxucz0iaHR0cDovL3d3dy53My5vcmcvMjAwMC9zdmciPjwvc3ZnPg==\" style=\"--smush-placeholder-width: 1024px; --smush-placeholder-aspect-ratio: 1024\/1024;\" \/><\/figure>\n","protected":false},"excerpt":{"rendered":"<p>Desde la Sociedad Italiana se invita a la comunidad de San Pedro a participar de la \u00bb 6\u00aa Feria del Libro y del escritor 2020&#8243;, que este a\u00f1o debido a la emergencia sanitaria debido al Covid 19, se har\u00e1 en forma virtual a trav\u00e9s del Facebook&nbsp; e Instagram de la Sociedad Italiana y durara hasta [&hellip;]<\/p>\n","protected":false},"author":4,"featured_media":80159,"comment_status":"open","ping_status":"closed","sticky":false,"template":"","format":"standard","meta":{"om_disable_all_campaigns":false,"_jetpack_memberships_contains_paid_content":false,"footnotes":""},"categories":[101,2],"tags":[197,696,33],"class_list":["post-80158","post","type-post","status-publish","format-standard","has-post-thumbnail","hentry","category-interes-general-locales","category-locales","tag-buenos-aires","tag-interes-general","tag-locales"],"aioseo_notices":[],"gutentor_comment":0,"jetpack_featured_media_url":"https:\/\/eldiariodesanpedro.com.ar\/sitio\/wp-content\/uploads\/2020\/08\/feria-libro-1021x580-1.jpg","jetpack_shortlink":"https:\/\/wp.me\/p6RhLt-kQS","jetpack_sharing_enabled":true,"_links":{"self":[{"href":"https:\/\/eldiariodesanpedro.com.ar\/sitio\/wp-json\/wp\/v2\/posts\/80158","targetHints":{"allow":["GET"]}}],"collection":[{"href":"https:\/\/eldiariodesanpedro.com.ar\/sitio\/wp-json\/wp\/v2\/posts"}],"about":[{"href":"https:\/\/eldiariodesanpedro.com.ar\/sitio\/wp-json\/wp\/v2\/types\/post"}],"author":[{"embeddable":true,"href":"https:\/\/eldiariodesanpedro.com.ar\/sitio\/wp-json\/wp\/v2\/users\/4"}],"replies":[{"embeddable":true,"href":"https:\/\/eldiariodesanpedro.com.ar\/sitio\/wp-json\/wp\/v2\/comments?post=80158"}],"version-history":[{"count":1,"href":"https:\/\/eldiariodesanpedro.com.ar\/sitio\/wp-json\/wp\/v2\/posts\/80158\/revisions"}],"predecessor-version":[{"id":80161,"href":"https:\/\/eldiariodesanpedro.com.ar\/sitio\/wp-json\/wp\/v2\/posts\/80158\/revisions\/80161"}],"wp:featuredmedia":[{"embeddable":true,"href":"https:\/\/eldiariodesanpedro.com.ar\/sitio\/wp-json\/wp\/v2\/media\/80159"}],"wp:attachment":[{"href":"https:\/\/eldiariodesanpedro.com.ar\/sitio\/wp-json\/wp\/v2\/media?parent=80158"}],"wp:term":[{"taxonomy":"category","embeddable":true,"href":"https:\/\/eldiariodesanpedro.com.ar\/sitio\/wp-json\/wp\/v2\/categories?post=80158"},{"taxonomy":"post_tag","embeddable":true,"href":"https:\/\/eldiariodesanpedro.com.ar\/sitio\/wp-json\/wp\/v2\/tags?post=80158"}],"curies":[{"name":"wp","href":"https:\/\/api.w.org\/{rel}","templated":true}]}}