{"id":80155,"date":"2020-08-28T10:25:24","date_gmt":"2020-08-28T13:25:24","guid":{"rendered":"https:\/\/eldiariodesanpedro.com.ar\/sitio\/?p=80155"},"modified":"2020-08-28T10:25:28","modified_gmt":"2020-08-28T13:25:28","slug":"desde-este-fin-de-semana-comenzaran-en-san-pedro-las-tareas-previas-al-censo-2020","status":"publish","type":"post","link":"https:\/\/eldiariodesanpedro.com.ar\/sitio\/desde-este-fin-de-semana-comenzaran-en-san-pedro-las-tareas-previas-al-censo-2020\/","title":{"rendered":"Desde este fin de semana comenzar\u00e1n en San Pedro las tareas previas al Censo 2020"},"content":{"rendered":"<!-- VideographyWP Plugin Message: Automatic video embedding prevented by plugin options. -->\n\n<p>El Instituto Nacional de Estad\u00edsticas y Censos (INDEC) junto con las Direcciones Provinciales de Estad\u00edsticas (DPE) llevan adelante el proyecto del Archivo de Domicilio de la Rep\u00fablica Argentina (ADRA), en el marco de las tareas pre censales del Censo Nacional de Poblaci\u00f3n, Hogares y Viviendas Ronda 2020.<\/p>\n\n\n\n<p>En el ADRA se registran las viviendas particulares y colectivas, en construcci\u00f3n, bald\u00edos, espacios verdes y locales de las \u00e1reas urbanas de cada municipio, constituyendo una base de datos a partir de la cual ser\u00e1 posible la asignaci\u00f3n \u00f3ptima de la carga de trabajo para toda la estructura censal (censistas de viviendas particulares y colectivas, jefes de radio y jefes de fracci\u00f3n).<\/p>\n\n\n\n<p>Esto es imprescindible para el d\u00eda del Censo todas y todos las y los bonaerenses sean censados en el lugar en que se encuentren y se asegure la cobertura total del territorio.<\/p>\n\n\n\n<p>Esta tarea la llevaran a cabo desde este fin de semana, personal capacitado por la DPE especialmente para cubrir los distintos puestos de la estructura: Actualizadores, Supervisores y Jefes de Partido. Los agentes, que fueron seleccionados por autoridades entre los vecinos de SAN PEDRO, recorrer\u00e1n las calles del Municipio, registrando en un aplicativo m\u00f3vil disponible en el tel\u00e9fono celular, todos los domicilios que encuentre en su recorrido.<\/p>\n\n\n\n<p>Esto se realizar\u00e1 cumpliendo con las pautas establecidas en el marco del contexto que habilita el COVID-19. El tiempo del operativo en campo se extender\u00e1 durante este fin de semana y PARTE DEL MES DE SEPTIEMBRE.<br>Todo el personal estar\u00e1 debidamente identificado con una credencial donde consta foto, cargo y DNI. Ante cualquier duda puede consultar la identidad en la p\u00e1gina de la DPE\u00a0<a rel=\"noreferrer noopener\" href=\"http:\/\/www.estadistica.gba.gov.ar\/\" target=\"_blank\">www.estadistica.gba.gov.ar<\/a>. La n\u00f3mina completa tambi\u00e9n estar\u00e1 disponible en las comisar\u00edas locales para su consulta.<\/p>\n\n\n\n<p>Es muy importante informar a toda la poblaci\u00f3n que los responsables de esta tarea NO deben ingresar a ning\u00fan domicilio ya que la tarea se debe resolver desde la v\u00eda p\u00fablica observando lo que se identifica desde los frentes y veredas.<\/p>\n\n\n\n<figure class=\"wp-block-image size-large\"><img decoding=\"async\" width=\"850\" height=\"170\" data-attachment-id=\"80156\" data-permalink=\"https:\/\/eldiariodesanpedro.com.ar\/sitio\/desde-este-fin-de-semana-comenzaran-en-san-pedro-las-tareas-previas-al-censo-2020\/adra\/\" data-orig-file=\"https:\/\/eldiariodesanpedro.com.ar\/sitio\/wp-content\/uploads\/2020\/08\/ADRA.jpg\" data-orig-size=\"850,170\" data-comments-opened=\"1\" data-image-meta=\"{&quot;aperture&quot;:&quot;0&quot;,&quot;credit&quot;:&quot;&quot;,&quot;camera&quot;:&quot;&quot;,&quot;caption&quot;:&quot;&quot;,&quot;created_timestamp&quot;:&quot;0&quot;,&quot;copyright&quot;:&quot;&quot;,&quot;focal_length&quot;:&quot;0&quot;,&quot;iso&quot;:&quot;0&quot;,&quot;shutter_speed&quot;:&quot;0&quot;,&quot;title&quot;:&quot;&quot;,&quot;orientation&quot;:&quot;0&quot;}\" data-image-title=\"ADRA\" data-image-description=\"\" data-image-caption=\"\" data-large-file=\"https:\/\/eldiariodesanpedro.com.ar\/sitio\/wp-content\/uploads\/2020\/08\/ADRA.jpg\" data-src=\"https:\/\/eldiariodesanpedro.com.ar\/sitio\/wp-content\/uploads\/2020\/08\/ADRA.jpg\" alt=\"\" class=\"wp-image-80156 lazyload\" data-srcset=\"https:\/\/eldiariodesanpedro.com.ar\/sitio\/wp-content\/uploads\/2020\/08\/ADRA.jpg 850w, https:\/\/eldiariodesanpedro.com.ar\/sitio\/wp-content\/uploads\/2020\/08\/ADRA-300x60.jpg 300w, https:\/\/eldiariodesanpedro.com.ar\/sitio\/wp-content\/uploads\/2020\/08\/ADRA-768x154.jpg 768w\" data-sizes=\"(max-width: 850px) 100vw, 850px\" src=\"data:image\/svg+xml;base64,PHN2ZyB3aWR0aD0iMSIgaGVpZ2h0PSIxIiB4bWxucz0iaHR0cDovL3d3dy53My5vcmcvMjAwMC9zdmciPjwvc3ZnPg==\" style=\"--smush-placeholder-width: 850px; --smush-placeholder-aspect-ratio: 850\/170;\" \/><\/figure>\n","protected":false},"excerpt":{"rendered":"<p>El Instituto Nacional de Estad\u00edsticas y Censos (INDEC) junto con las Direcciones Provinciales de Estad\u00edsticas (DPE) llevan adelante el proyecto del Archivo de Domicilio de la Rep\u00fablica Argentina (ADRA), en el marco de las tareas pre censales del Censo Nacional de Poblaci\u00f3n, Hogares y Viviendas Ronda 2020. En el ADRA se registran las viviendas particulares [&hellip;]<\/p>\n","protected":false},"author":4,"featured_media":79051,"comment_status":"open","ping_status":"closed","sticky":false,"template":"","format":"standard","meta":{"om_disable_all_campaigns":false,"_jetpack_memberships_contains_paid_content":false,"footnotes":""},"categories":[50,101,2],"tags":[],"class_list":["post-80155","post","type-post","status-publish","format-standard","has-post-thumbnail","hentry","category-destacadas","category-interes-general-locales","category-locales"],"aioseo_notices":[],"gutentor_comment":0,"jetpack_featured_media_url":"https:\/\/eldiariodesanpedro.com.ar\/sitio\/wp-content\/uploads\/2020\/08\/emi1-3.jpg","jetpack_shortlink":"https:\/\/wp.me\/p6RhLt-kQP","jetpack_sharing_enabled":true,"_links":{"self":[{"href":"https:\/\/eldiariodesanpedro.com.ar\/sitio\/wp-json\/wp\/v2\/posts\/80155","targetHints":{"allow":["GET"]}}],"collection":[{"href":"https:\/\/eldiariodesanpedro.com.ar\/sitio\/wp-json\/wp\/v2\/posts"}],"about":[{"href":"https:\/\/eldiariodesanpedro.com.ar\/sitio\/wp-json\/wp\/v2\/types\/post"}],"author":[{"embeddable":true,"href":"https:\/\/eldiariodesanpedro.com.ar\/sitio\/wp-json\/wp\/v2\/users\/4"}],"replies":[{"embeddable":true,"href":"https:\/\/eldiariodesanpedro.com.ar\/sitio\/wp-json\/wp\/v2\/comments?post=80155"}],"version-history":[{"count":1,"href":"https:\/\/eldiariodesanpedro.com.ar\/sitio\/wp-json\/wp\/v2\/posts\/80155\/revisions"}],"predecessor-version":[{"id":80157,"href":"https:\/\/eldiariodesanpedro.com.ar\/sitio\/wp-json\/wp\/v2\/posts\/80155\/revisions\/80157"}],"wp:featuredmedia":[{"embeddable":true,"href":"https:\/\/eldiariodesanpedro.com.ar\/sitio\/wp-json\/wp\/v2\/media\/79051"}],"wp:attachment":[{"href":"https:\/\/eldiariodesanpedro.com.ar\/sitio\/wp-json\/wp\/v2\/media?parent=80155"}],"wp:term":[{"taxonomy":"category","embeddable":true,"href":"https:\/\/eldiariodesanpedro.com.ar\/sitio\/wp-json\/wp\/v2\/categories?post=80155"},{"taxonomy":"post_tag","embeddable":true,"href":"https:\/\/eldiariodesanpedro.com.ar\/sitio\/wp-json\/wp\/v2\/tags?post=80155"}],"curies":[{"name":"wp","href":"https:\/\/api.w.org\/{rel}","templated":true}]}}