{"id":80151,"date":"2020-08-28T10:01:47","date_gmt":"2020-08-28T13:01:47","guid":{"rendered":"https:\/\/eldiariodesanpedro.com.ar\/sitio\/?p=80151"},"modified":"2020-08-28T10:01:51","modified_gmt":"2020-08-28T13:01:51","slug":"el-hcd-aprobo-por-unanimidad-la-cesion-de-la-draga-municipal-al-consorcio-del-puerto","status":"publish","type":"post","link":"https:\/\/eldiariodesanpedro.com.ar\/sitio\/el-hcd-aprobo-por-unanimidad-la-cesion-de-la-draga-municipal-al-consorcio-del-puerto\/","title":{"rendered":"El HCD aprob\u00f3 por unanimidad la cesi\u00f3n de la draga municipal al Consorcio del Puerto"},"content":{"rendered":"<!-- VideographyWP Plugin Message: Automatic video embedding prevented by plugin options. -->\n\n<p>El Honorable Concejo Deliberante aprob\u00f3 por unanimidad en su sesi\u00f3n del jueves 27 de agosto, el Proyecto de Ordenanza a trav\u00e9s del cual se aprob\u00f3 la cesi\u00f3n de la&nbsp;<strong>Draga Municipal al Consorcio de Gesti\u00f3n del Puerto de San Pedro.<\/strong><\/p>\n\n\n\n<p>Tras el ingreso de la solicitud formalmente presentada por las autoridades del Consorcio, el expediente fue girado a la&nbsp;<strong>Comisi\u00f3n de Planeamiento, Ocupaci\u00f3n de Suelo y Obras<\/strong>, que efectu\u00f3 el an\u00e1lisis correspondiente y emiti\u00f3 un dictamen favorable.<\/p>\n\n\n\n<p>Ayer, en la sesi\u00f3n ordinaria, el dictamen fue incluido en el Orden del D\u00eda y votado por unanimidad, con el acompa\u00f1amiento de los concejales municipales de todas las fuerzas pol\u00edticas, lo que constituye un fuerte respaldo para la iniciativa.<\/p>\n\n\n\n<p>La draga marca Ellicot de 12m de eslora, 5,5 de manga y 1,20m de puntal con sus respectivos motores, se encontraba desde hace tiempo sin ser utilizada por el municipio y con la necesidad de una serie de reparaciones fundamentales para su aprovechamiento. &nbsp;<\/p>\n\n\n\n<p>Para el Consorcio, estas tareas son posibles y la inversi\u00f3n constituye un beneficio muy importante que posibilitar\u00e1 realizar tareas de dragado de mantenimiento en sectores de la d\u00e1rsena de cabotaje y cabecera de espigones.<\/p>\n\n\n\n<p>Dentro de los considerandos de la ordenanza se destaca la importancia de&nbsp;estos trabajos que junto a los dragados de mayor escala, mejoran las condiciones de competitividad del Puerto.<\/p>\n\n\n\n<p>La realizaci\u00f3n de tareas permanentes, sin recurrir a los extensos &nbsp;procesos administrativos que implican la contrataci\u00f3n de cualquier servicio haci\u00e9ndolo con una nave siempre disponible en el Puerto, permiten avanzar en el mejoramiento de la zona portuaria.<\/p>\n\n\n\n<p>Tras cumplir con el an\u00e1lisis de la situaci\u00f3n general la administraci\u00f3n municipal descart\u00f3 la posibilidad de realizar las reparaciones necesarias, y el Consorcio puede hacer frente a las mismas para contar con esta alternativa siempre disponible, no s\u00f3lo para trabajos en el Puerto, sino tambi\u00e9n en otros sectores de la costa sampedrina donde pueda resultar necesaria.<\/p>\n\n\n\n<p>En los art\u00edculos de la ordenanza se apunta que el Consorcio de Gesti\u00f3n del Puerto de San Pedro recibe la cesi\u00f3n gratuita de la draga y que debe repararla en un plazo de 36 meses.<\/p>\n","protected":false},"excerpt":{"rendered":"<p>El Honorable Concejo Deliberante aprob\u00f3 por unanimidad en su sesi\u00f3n del jueves 27 de agosto, el Proyecto de Ordenanza a trav\u00e9s del cual se aprob\u00f3 la cesi\u00f3n de la&nbsp;Draga Municipal al Consorcio de Gesti\u00f3n del Puerto de San Pedro. Tras el ingreso de la solicitud formalmente presentada por las autoridades del Consorcio, el expediente fue [&hellip;]<\/p>\n","protected":false},"author":4,"featured_media":80152,"comment_status":"open","ping_status":"closed","sticky":false,"template":"","format":"standard","meta":{"om_disable_all_campaigns":false,"_jetpack_memberships_contains_paid_content":false,"footnotes":""},"categories":[50,101,2],"tags":[],"class_list":["post-80151","post","type-post","status-publish","format-standard","has-post-thumbnail","hentry","category-destacadas","category-interes-general-locales","category-locales"],"aioseo_notices":[],"gutentor_comment":0,"jetpack_featured_media_url":"https:\/\/eldiariodesanpedro.com.ar\/sitio\/wp-content\/uploads\/2020\/08\/draga0.jpg","jetpack_shortlink":"https:\/\/wp.me\/p6RhLt-kQL","jetpack_sharing_enabled":true,"_links":{"self":[{"href":"https:\/\/eldiariodesanpedro.com.ar\/sitio\/wp-json\/wp\/v2\/posts\/80151","targetHints":{"allow":["GET"]}}],"collection":[{"href":"https:\/\/eldiariodesanpedro.com.ar\/sitio\/wp-json\/wp\/v2\/posts"}],"about":[{"href":"https:\/\/eldiariodesanpedro.com.ar\/sitio\/wp-json\/wp\/v2\/types\/post"}],"author":[{"embeddable":true,"href":"https:\/\/eldiariodesanpedro.com.ar\/sitio\/wp-json\/wp\/v2\/users\/4"}],"replies":[{"embeddable":true,"href":"https:\/\/eldiariodesanpedro.com.ar\/sitio\/wp-json\/wp\/v2\/comments?post=80151"}],"version-history":[{"count":1,"href":"https:\/\/eldiariodesanpedro.com.ar\/sitio\/wp-json\/wp\/v2\/posts\/80151\/revisions"}],"predecessor-version":[{"id":80153,"href":"https:\/\/eldiariodesanpedro.com.ar\/sitio\/wp-json\/wp\/v2\/posts\/80151\/revisions\/80153"}],"wp:featuredmedia":[{"embeddable":true,"href":"https:\/\/eldiariodesanpedro.com.ar\/sitio\/wp-json\/wp\/v2\/media\/80152"}],"wp:attachment":[{"href":"https:\/\/eldiariodesanpedro.com.ar\/sitio\/wp-json\/wp\/v2\/media?parent=80151"}],"wp:term":[{"taxonomy":"category","embeddable":true,"href":"https:\/\/eldiariodesanpedro.com.ar\/sitio\/wp-json\/wp\/v2\/categories?post=80151"},{"taxonomy":"post_tag","embeddable":true,"href":"https:\/\/eldiariodesanpedro.com.ar\/sitio\/wp-json\/wp\/v2\/tags?post=80151"}],"curies":[{"name":"wp","href":"https:\/\/api.w.org\/{rel}","templated":true}]}}