{"id":80149,"date":"2020-08-28T09:53:19","date_gmt":"2020-08-28T12:53:19","guid":{"rendered":"https:\/\/eldiariodesanpedro.com.ar\/sitio\/?p=80149"},"modified":"2020-08-28T09:53:24","modified_gmt":"2020-08-28T12:53:24","slug":"dos-muertos-por-coronavirus-un-joven-de-32-y-otro-hombre-de-54-anos","status":"publish","type":"post","link":"https:\/\/eldiariodesanpedro.com.ar\/sitio\/dos-muertos-por-coronavirus-un-joven-de-32-y-otro-hombre-de-54-anos\/","title":{"rendered":"Dos muertos por coronavirus un joven de 32 y otro hombre de 54 a\u00f1os"},"content":{"rendered":"<!-- VideographyWP Plugin Message: Automatic video embedding prevented by plugin options. -->\n\n<p>Lamentablemente se informan las victimas n\u00fameros 18 y 19 de coronavirus en nuestra ciudad uno de ellos sin enfermedades preexistentes y el otro con factores de riesgo.<\/p>\n\n\n\n<p>La Secretar\u00eda de Salud de la Municipalidad de San Pedro lamenta informar el fallecimiento del Sr. Federico Basaldua, de 32 a\u00f1os, que habia sido hisopado el 5 de agosto y se encontraba internado desde hace varias semanas en cl\u00ednica privada por un caso positivo de Covid-19. El paciente hab\u00eda recibido tratamiento con plasma durante su internaci\u00f3n.<\/p>\n\n\n\n<p>Cambien se lamenta informar el deceso del Sr. Juan Ram\u00f3n Guilmen de 54 a\u00f1os.<br>Hab\u00eda sido hisopado el 6 de agosto, se encontraba internado desde el 10 del corriente y falleci\u00f3 en las \u00faltimas horas en la Unidad de Terapia Intensiva del Hospital, a la que hab\u00eda ingresado el 11 de este mes.<br>El paciente diagnosticado como un caso de Covid-19 positivo, contaba con diversos factores de riesgo, se desempe\u00f1aba como enfermero y hab\u00eda recibido tratamiento con plasma durante su internaci\u00f3n.<\/p>\n\n\n\n<p>Con profundo dolor comunicamos estos dos fallecimientos desde el inicio de la Pandemia en el Partido de San Pedro, y hacemos llegar nuestras condolencias a sus familiares, amigos, compa\u00f1eros y seres queridos.<\/p>\n","protected":false},"excerpt":{"rendered":"<p>Lamentablemente se informan las victimas n\u00fameros 18 y 19 de coronavirus en nuestra ciudad uno de ellos sin enfermedades preexistentes y el otro con factores de riesgo. La Secretar\u00eda de Salud de la Municipalidad de San Pedro lamenta informar el fallecimiento del Sr. Federico Basaldua, de 32 a\u00f1os, que habia sido hisopado el 5 de [&hellip;]<\/p>\n","protected":false},"author":4,"featured_media":77464,"comment_status":"open","ping_status":"closed","sticky":false,"template":"","format":"standard","meta":{"om_disable_all_campaigns":false,"_jetpack_memberships_contains_paid_content":false,"footnotes":""},"categories":[50,101,2],"tags":[197,808,996,696,33],"class_list":["post-80149","post","type-post","status-publish","format-standard","has-post-thumbnail","hentry","category-destacadas","category-interes-general-locales","category-locales","tag-buenos-aires","tag-coronavirus","tag-fallecido","tag-interes-general","tag-locales"],"aioseo_notices":[],"gutentor_comment":0,"jetpack_featured_media_url":"https:\/\/eldiariodesanpedro.com.ar\/sitio\/wp-content\/uploads\/2020\/07\/5e87e1dede692.jpeg","jetpack_shortlink":"https:\/\/wp.me\/p6RhLt-kQJ","jetpack_sharing_enabled":true,"_links":{"self":[{"href":"https:\/\/eldiariodesanpedro.com.ar\/sitio\/wp-json\/wp\/v2\/posts\/80149","targetHints":{"allow":["GET"]}}],"collection":[{"href":"https:\/\/eldiariodesanpedro.com.ar\/sitio\/wp-json\/wp\/v2\/posts"}],"about":[{"href":"https:\/\/eldiariodesanpedro.com.ar\/sitio\/wp-json\/wp\/v2\/types\/post"}],"author":[{"embeddable":true,"href":"https:\/\/eldiariodesanpedro.com.ar\/sitio\/wp-json\/wp\/v2\/users\/4"}],"replies":[{"embeddable":true,"href":"https:\/\/eldiariodesanpedro.com.ar\/sitio\/wp-json\/wp\/v2\/comments?post=80149"}],"version-history":[{"count":1,"href":"https:\/\/eldiariodesanpedro.com.ar\/sitio\/wp-json\/wp\/v2\/posts\/80149\/revisions"}],"predecessor-version":[{"id":80150,"href":"https:\/\/eldiariodesanpedro.com.ar\/sitio\/wp-json\/wp\/v2\/posts\/80149\/revisions\/80150"}],"wp:featuredmedia":[{"embeddable":true,"href":"https:\/\/eldiariodesanpedro.com.ar\/sitio\/wp-json\/wp\/v2\/media\/77464"}],"wp:attachment":[{"href":"https:\/\/eldiariodesanpedro.com.ar\/sitio\/wp-json\/wp\/v2\/media?parent=80149"}],"wp:term":[{"taxonomy":"category","embeddable":true,"href":"https:\/\/eldiariodesanpedro.com.ar\/sitio\/wp-json\/wp\/v2\/categories?post=80149"},{"taxonomy":"post_tag","embeddable":true,"href":"https:\/\/eldiariodesanpedro.com.ar\/sitio\/wp-json\/wp\/v2\/tags?post=80149"}],"curies":[{"name":"wp","href":"https:\/\/api.w.org\/{rel}","templated":true}]}}