{"id":80147,"date":"2020-08-28T09:44:18","date_gmt":"2020-08-28T12:44:18","guid":{"rendered":"https:\/\/eldiariodesanpedro.com.ar\/sitio\/?p=80147"},"modified":"2020-08-28T09:44:22","modified_gmt":"2020-08-28T12:44:22","slug":"hoy-cobran-el-ife-3-los-titulares-con-dni-terminados-en-1","status":"publish","type":"post","link":"https:\/\/eldiariodesanpedro.com.ar\/sitio\/hoy-cobran-el-ife-3-los-titulares-con-dni-terminados-en-1\/","title":{"rendered":"Hoy cobran el IFE 3 los titulares con DNI terminados en 1"},"content":{"rendered":"<!-- VideographyWP Plugin Message: Automatic video embedding prevented by plugin options. -->\n\n<p><strong>Ingreso Familiar de Emergencia<\/strong><\/p>\n\n\n\n<p>En el marco de la pol\u00edtica de inclusi\u00f3n financiera que lleva adelante la ANSES, hoy cobran el IFE 3 mediante Clave Bancaria Uniforme (CBU) los titulares cuyos documentos terminen en <strong>1<\/strong>. De esta manera, cerca de 300.000 personas por d\u00eda percibir\u00e1n el ingreso.<\/p>\n\n\n\n<p>Se recuerda a los beneficiarios que <strong>no<\/strong> poseen tarjeta de d\u00e9bito que, de corresponder, deber\u00e1n sacar previamente un turno en la entidad bancaria, a fin de evitar demoras en el cobro.<\/p>\n\n\n\n<p>Asimismo, la fecha de cobro debe consultarse, con la Clave de la Seguridad Social, en el aplicativo que figura en la web del organismo. El ingreso se pagar\u00e1 al mismo d\u00edgito final de DNI durante dos d\u00edas h\u00e1biles.<\/p>\n\n\n\n<p><strong>Jubilaciones y pensiones del Sistema Integrado Previsional Argentino (SIPA)<\/strong><\/p>\n\n\n\n<p>Las sucursales bancarias habilitadas atender\u00e1n por ventanilla solo a los <strong>jubilados y pensionados con documentos terminados en 6 y 7 y cuyos haberes SUPEREN la suma de $18.952<\/strong>.<\/p>\n\n\n\n<p>En este sentido, si bien estas personas no tienen que solicitar turno previo para cobrar el beneficio, <strong>deben acercarse a la sucursal bancaria \u00fanicamente en la fecha asignada<\/strong>. Cabe recordar que los haberes permanecer\u00e1n depositados en sus cuentas.<\/p>\n\n\n\n<p><strong>Prestaci\u00f3n por Desempleo<\/strong><\/p>\n\n\n\n<p>Hoy cobran la Prestaci\u00f3n por Desempleo las personas cuyos documentos finalizan en <strong>6 <\/strong>y<strong> 7<\/strong>.<\/p>\n\n\n\n<p><strong>Beneficiarios del ATP<\/strong><\/p>\n\n\n\n<p>Hoy se realiza el pago sueldos complementarios del programa de Asistencia de Emergencia al Trabajo y la Producci\u00f3n (ATP) de la AFIP.<\/p>\n","protected":false},"excerpt":{"rendered":"<p>Ingreso Familiar de Emergencia En el marco de la pol\u00edtica de inclusi\u00f3n financiera que lleva adelante la ANSES, hoy cobran el IFE 3 mediante Clave Bancaria Uniforme (CBU) los titulares cuyos documentos terminen en 1. De esta manera, cerca de 300.000 personas por d\u00eda percibir\u00e1n el ingreso. Se recuerda a los beneficiarios que no poseen [&hellip;]<\/p>\n","protected":false},"author":4,"featured_media":79416,"comment_status":"open","ping_status":"closed","sticky":false,"template":"","format":"standard","meta":{"om_disable_all_campaigns":false,"_jetpack_memberships_contains_paid_content":false,"footnotes":""},"categories":[101,2],"tags":[],"class_list":["post-80147","post","type-post","status-publish","format-standard","has-post-thumbnail","hentry","category-interes-general-locales","category-locales"],"aioseo_notices":[],"gutentor_comment":0,"jetpack_featured_media_url":"https:\/\/eldiariodesanpedro.com.ar\/sitio\/wp-content\/uploads\/2020\/08\/3060604-e1597404396101.jpg","jetpack_shortlink":"https:\/\/wp.me\/p6RhLt-kQH","jetpack_sharing_enabled":true,"_links":{"self":[{"href":"https:\/\/eldiariodesanpedro.com.ar\/sitio\/wp-json\/wp\/v2\/posts\/80147","targetHints":{"allow":["GET"]}}],"collection":[{"href":"https:\/\/eldiariodesanpedro.com.ar\/sitio\/wp-json\/wp\/v2\/posts"}],"about":[{"href":"https:\/\/eldiariodesanpedro.com.ar\/sitio\/wp-json\/wp\/v2\/types\/post"}],"author":[{"embeddable":true,"href":"https:\/\/eldiariodesanpedro.com.ar\/sitio\/wp-json\/wp\/v2\/users\/4"}],"replies":[{"embeddable":true,"href":"https:\/\/eldiariodesanpedro.com.ar\/sitio\/wp-json\/wp\/v2\/comments?post=80147"}],"version-history":[{"count":1,"href":"https:\/\/eldiariodesanpedro.com.ar\/sitio\/wp-json\/wp\/v2\/posts\/80147\/revisions"}],"predecessor-version":[{"id":80148,"href":"https:\/\/eldiariodesanpedro.com.ar\/sitio\/wp-json\/wp\/v2\/posts\/80147\/revisions\/80148"}],"wp:featuredmedia":[{"embeddable":true,"href":"https:\/\/eldiariodesanpedro.com.ar\/sitio\/wp-json\/wp\/v2\/media\/79416"}],"wp:attachment":[{"href":"https:\/\/eldiariodesanpedro.com.ar\/sitio\/wp-json\/wp\/v2\/media?parent=80147"}],"wp:term":[{"taxonomy":"category","embeddable":true,"href":"https:\/\/eldiariodesanpedro.com.ar\/sitio\/wp-json\/wp\/v2\/categories?post=80147"},{"taxonomy":"post_tag","embeddable":true,"href":"https:\/\/eldiariodesanpedro.com.ar\/sitio\/wp-json\/wp\/v2\/tags?post=80147"}],"curies":[{"name":"wp","href":"https:\/\/api.w.org\/{rel}","templated":true}]}}