{"id":80142,"date":"2020-08-27T21:36:15","date_gmt":"2020-08-28T00:36:15","guid":{"rendered":"https:\/\/eldiariodesanpedro.com.ar\/sitio\/?p=80142"},"modified":"2020-08-27T21:36:19","modified_gmt":"2020-08-28T00:36:19","slug":"hoy-no-se-recibieron-resultados-de-muestras-enviadas","status":"publish","type":"post","link":"https:\/\/eldiariodesanpedro.com.ar\/sitio\/hoy-no-se-recibieron-resultados-de-muestras-enviadas\/","title":{"rendered":"Hoy no se recibieron resultados de muestras enviadas"},"content":{"rendered":"<!-- VideographyWP Plugin Message: Automatic video embedding prevented by plugin options. -->\n\n<p>La Secretar\u00eda de Salud de la Municipalidad de San Pedro informa que en el d\u00eda de la fecha y hasta el momento, no se recibieron resultados desde el Instituto Maiztegui, Instituto Malbr\u00e1n y Laboratorios Privados.<\/p>\n\n\n\n<p><strong>Recuperados: 6<\/strong><br>Los nuevos pacientes que se suman al grupo de recuperados son mujeres de 22, 59 y 77 a\u00f1os (contacto estrecho covid); y hombres de 25, 30 y 37 a\u00f1os (contacto estrecho covid).<\/p>\n\n\n\n<p><strong>Muestras<\/strong><br>En la jornada de hoy se enviaron 7 muestras al Instituto Malbr\u00e1n a trav\u00e9s del sistema mixto: Mujeres de 41, 52, 54, 77, 82 a\u00f1os; y hombres de 47 y 81 a\u00f1os.<br>Con esta actualizaci\u00f3n el resumen es el siguiente:<\/p>\n\n\n\n<p><strong>RESUMEN<\/strong><br>Nuevas muestras enviadas p\u00fablico-mixto: 7<br>Muestras Pendientes p\u00fablico-mixto: 70<br>Nuevas muestras negativas p\u00fablico-mixto-privado: 00<br>Nuevos Casos Positivos p\u00fablico-mixto-privado: 00<br>Total de confirmados: 409(*)<br>Total de casos activos: 63<br>Total de casos recuperados: 329<br>Total de casos fallecidos: 17<br>Total de muestras negativas sistema p\u00fablico-mixto-privado: 716<br>(*) En este informe s\u00f3lo se incluyen los positivos confirmados con hisopado.<\/p>\n\n\n\n<p>&#x1f449; Usar tapabocas.<br>&#x1f449; Mantener la distancia m\u00ednima de 2 metros.<br>&#x1f449; Extremar la higiene de los espacios.<br>&#x1f449; Mantener las manos limpias.<\/p>\n\n\n\n<p>Se recuerda que, ante s\u00edntomas de tos seca, fiebre y dolor de garganta y la probabilidad de haber estado en contacto con enfermos o viajeros llegados desde las zonas transmisi\u00f3n local o comunitaria se puede llamar al 148 o 107.<\/p>\n","protected":false},"excerpt":{"rendered":"<p>La Secretar\u00eda de Salud de la Municipalidad de San Pedro informa que en el d\u00eda de la fecha y hasta el momento, no se recibieron resultados desde el Instituto Maiztegui, Instituto Malbr\u00e1n y Laboratorios Privados. Recuperados: 6Los nuevos pacientes que se suman al grupo de recuperados son mujeres de 22, 59 y 77 a\u00f1os (contacto [&hellip;]<\/p>\n","protected":false},"author":4,"featured_media":78535,"comment_status":"open","ping_status":"closed","sticky":false,"template":"","format":"standard","meta":{"om_disable_all_campaigns":false,"_jetpack_memberships_contains_paid_content":false,"footnotes":""},"categories":[50,101,2],"tags":[197,696,33],"class_list":["post-80142","post","type-post","status-publish","format-standard","has-post-thumbnail","hentry","category-destacadas","category-interes-general-locales","category-locales","tag-buenos-aires","tag-interes-general","tag-locales"],"aioseo_notices":[],"gutentor_comment":0,"jetpack_featured_media_url":"https:\/\/eldiariodesanpedro.com.ar\/sitio\/wp-content\/uploads\/2020\/07\/361782464_0-13_20200515041506-kz3H-AT2GRS9VWJUWLRLY-992x558@LaVanguardia-Web.jpg","jetpack_shortlink":"https:\/\/wp.me\/p6RhLt-kQC","jetpack_sharing_enabled":true,"_links":{"self":[{"href":"https:\/\/eldiariodesanpedro.com.ar\/sitio\/wp-json\/wp\/v2\/posts\/80142","targetHints":{"allow":["GET"]}}],"collection":[{"href":"https:\/\/eldiariodesanpedro.com.ar\/sitio\/wp-json\/wp\/v2\/posts"}],"about":[{"href":"https:\/\/eldiariodesanpedro.com.ar\/sitio\/wp-json\/wp\/v2\/types\/post"}],"author":[{"embeddable":true,"href":"https:\/\/eldiariodesanpedro.com.ar\/sitio\/wp-json\/wp\/v2\/users\/4"}],"replies":[{"embeddable":true,"href":"https:\/\/eldiariodesanpedro.com.ar\/sitio\/wp-json\/wp\/v2\/comments?post=80142"}],"version-history":[{"count":1,"href":"https:\/\/eldiariodesanpedro.com.ar\/sitio\/wp-json\/wp\/v2\/posts\/80142\/revisions"}],"predecessor-version":[{"id":80143,"href":"https:\/\/eldiariodesanpedro.com.ar\/sitio\/wp-json\/wp\/v2\/posts\/80142\/revisions\/80143"}],"wp:featuredmedia":[{"embeddable":true,"href":"https:\/\/eldiariodesanpedro.com.ar\/sitio\/wp-json\/wp\/v2\/media\/78535"}],"wp:attachment":[{"href":"https:\/\/eldiariodesanpedro.com.ar\/sitio\/wp-json\/wp\/v2\/media?parent=80142"}],"wp:term":[{"taxonomy":"category","embeddable":true,"href":"https:\/\/eldiariodesanpedro.com.ar\/sitio\/wp-json\/wp\/v2\/categories?post=80142"},{"taxonomy":"post_tag","embeddable":true,"href":"https:\/\/eldiariodesanpedro.com.ar\/sitio\/wp-json\/wp\/v2\/tags?post=80142"}],"curies":[{"name":"wp","href":"https:\/\/api.w.org\/{rel}","templated":true}]}}