{"id":80132,"date":"2020-08-27T19:28:30","date_gmt":"2020-08-27T22:28:30","guid":{"rendered":"https:\/\/eldiariodesanpedro.com.ar\/sitio\/?p=80132"},"modified":"2020-08-27T19:28:33","modified_gmt":"2020-08-27T22:28:33","slug":"autoridades-de-la-patrulla-rural-en-la-sociedad-rural-de-san-pedro","status":"publish","type":"post","link":"https:\/\/eldiariodesanpedro.com.ar\/sitio\/autoridades-de-la-patrulla-rural-en-la-sociedad-rural-de-san-pedro\/","title":{"rendered":"Autoridades de la Patrulla Rural en la Sociedad Rural de San Pedro"},"content":{"rendered":"<!-- VideographyWP Plugin Message: Automatic video embedding prevented by plugin options. -->\n\n<p>En la sede la Sociedad Rural de San Pedro, representantes de la Comisi\u00f3n Directiva de la entidad recibieron a las autoridades del Comando de Patrulla Rural Zona Norte quienes respondieron a la invitaci\u00f3n para dialogar en nuestra ciudad, sobre la situaci\u00f3n de la regi\u00f3n y especialmente acerca de los hechos ocurridos recientemente con la modalidad de Piratas del Asfalto.<\/p>\n\n\n\n<p>El Comisario Mayor Jorge Ferrari Director Operativo Zona Norte, el Comisario Inspector Acosta Daniel Coordinador de la Zona de Seguridad Rural Pergamino y el Subcoordinador Comisario Silvio Piazzale recibieron las inquietudes planteadas por nuestra entidad en nombre de los productores de la zona que siguen con preocupaci\u00f3n este momento.<\/p>\n\n\n\n<p>La predisposici\u00f3n de la fuerza policial siempre es digna de ser destacada y esta oportunidad de charlar personalmente nos ha permitido renovar nuestra voluntad de colaborar en todo lo necesario y compartir informaci\u00f3n que puede resultar de inter\u00e9s para reforzar la prevenci\u00f3n y el seguimiento del tema.<\/p>\n","protected":false},"excerpt":{"rendered":"<p>En la sede la Sociedad Rural de San Pedro, representantes de la Comisi\u00f3n Directiva de la entidad recibieron a las autoridades del Comando de Patrulla Rural Zona Norte quienes respondieron a la invitaci\u00f3n para dialogar en nuestra ciudad, sobre la situaci\u00f3n de la regi\u00f3n y especialmente acerca de los hechos ocurridos recientemente con la modalidad [&hellip;]<\/p>\n","protected":false},"author":4,"featured_media":80133,"comment_status":"open","ping_status":"closed","sticky":false,"template":"","format":"standard","meta":{"om_disable_all_campaigns":false,"_jetpack_memberships_contains_paid_content":false,"footnotes":""},"categories":[101,2],"tags":[197,696,33],"class_list":["post-80132","post","type-post","status-publish","format-standard","has-post-thumbnail","hentry","category-interes-general-locales","category-locales","tag-buenos-aires","tag-interes-general","tag-locales"],"aioseo_notices":[],"gutentor_comment":0,"jetpack_featured_media_url":"https:\/\/eldiariodesanpedro.com.ar\/sitio\/wp-content\/uploads\/2020\/08\/Rural1.jpg","jetpack_shortlink":"https:\/\/wp.me\/p6RhLt-kQs","jetpack_sharing_enabled":true,"_links":{"self":[{"href":"https:\/\/eldiariodesanpedro.com.ar\/sitio\/wp-json\/wp\/v2\/posts\/80132","targetHints":{"allow":["GET"]}}],"collection":[{"href":"https:\/\/eldiariodesanpedro.com.ar\/sitio\/wp-json\/wp\/v2\/posts"}],"about":[{"href":"https:\/\/eldiariodesanpedro.com.ar\/sitio\/wp-json\/wp\/v2\/types\/post"}],"author":[{"embeddable":true,"href":"https:\/\/eldiariodesanpedro.com.ar\/sitio\/wp-json\/wp\/v2\/users\/4"}],"replies":[{"embeddable":true,"href":"https:\/\/eldiariodesanpedro.com.ar\/sitio\/wp-json\/wp\/v2\/comments?post=80132"}],"version-history":[{"count":1,"href":"https:\/\/eldiariodesanpedro.com.ar\/sitio\/wp-json\/wp\/v2\/posts\/80132\/revisions"}],"predecessor-version":[{"id":80134,"href":"https:\/\/eldiariodesanpedro.com.ar\/sitio\/wp-json\/wp\/v2\/posts\/80132\/revisions\/80134"}],"wp:featuredmedia":[{"embeddable":true,"href":"https:\/\/eldiariodesanpedro.com.ar\/sitio\/wp-json\/wp\/v2\/media\/80133"}],"wp:attachment":[{"href":"https:\/\/eldiariodesanpedro.com.ar\/sitio\/wp-json\/wp\/v2\/media?parent=80132"}],"wp:term":[{"taxonomy":"category","embeddable":true,"href":"https:\/\/eldiariodesanpedro.com.ar\/sitio\/wp-json\/wp\/v2\/categories?post=80132"},{"taxonomy":"post_tag","embeddable":true,"href":"https:\/\/eldiariodesanpedro.com.ar\/sitio\/wp-json\/wp\/v2\/tags?post=80132"}],"curies":[{"name":"wp","href":"https:\/\/api.w.org\/{rel}","templated":true}]}}