{"id":80128,"date":"2020-08-27T12:31:43","date_gmt":"2020-08-27T15:31:43","guid":{"rendered":"https:\/\/eldiariodesanpedro.com.ar\/sitio\/?p=80128"},"modified":"2020-08-27T12:31:46","modified_gmt":"2020-08-27T15:31:46","slug":"el-circulo-medico-realizo-una-donacion-a-huellas-para-su-tarea-solidaria","status":"publish","type":"post","link":"https:\/\/eldiariodesanpedro.com.ar\/sitio\/el-circulo-medico-realizo-una-donacion-a-huellas-para-su-tarea-solidaria\/","title":{"rendered":"El Circulo Medico realizo una donaci\u00f3n a Huellas para su tarea solidaria"},"content":{"rendered":"<!-- VideographyWP Plugin Message: Automatic video embedding prevented by plugin options. -->\n\n<p>Esta ma\u00f1ana en el C\u00edrculo M\u00e9dico se concret\u00f3 una entrega de alimentos no perecederos y carne que distribuir\u00e1 a trav\u00e9s de sus canales habituales la Fundaci\u00f3n Huellas San Pedro.<\/p>\n\n\n\n<p> Una vez m\u00e1s, desde la entidad acompa\u00f1amos la gran tarea que este grupo realiza y lo hacemos con orgullo, justamente hoy 26 de agosto, D\u00eda de la Solidaridad.<\/p>\n","protected":false},"excerpt":{"rendered":"<p>Esta ma\u00f1ana en el C\u00edrculo M\u00e9dico se concret\u00f3 una entrega de alimentos no perecederos y carne que distribuir\u00e1 a trav\u00e9s de sus canales habituales la Fundaci\u00f3n Huellas San Pedro. Una vez m\u00e1s, desde la entidad acompa\u00f1amos la gran tarea que este grupo realiza y lo hacemos con orgullo, justamente hoy 26 de agosto, D\u00eda de [&hellip;]<\/p>\n","protected":false},"author":4,"featured_media":80129,"comment_status":"open","ping_status":"closed","sticky":false,"template":"","format":"standard","meta":{"om_disable_all_campaigns":false,"_jetpack_memberships_contains_paid_content":false,"footnotes":""},"categories":[2],"tags":[],"class_list":["post-80128","post","type-post","status-publish","format-standard","has-post-thumbnail","hentry","category-locales"],"aioseo_notices":[],"gutentor_comment":0,"jetpack_featured_media_url":"https:\/\/eldiariodesanpedro.com.ar\/sitio\/wp-content\/uploads\/2020\/08\/118125537_2806817979539634_926134205511850182_o.jpg","jetpack_shortlink":"https:\/\/wp.me\/p6RhLt-kQo","jetpack_sharing_enabled":true,"_links":{"self":[{"href":"https:\/\/eldiariodesanpedro.com.ar\/sitio\/wp-json\/wp\/v2\/posts\/80128","targetHints":{"allow":["GET"]}}],"collection":[{"href":"https:\/\/eldiariodesanpedro.com.ar\/sitio\/wp-json\/wp\/v2\/posts"}],"about":[{"href":"https:\/\/eldiariodesanpedro.com.ar\/sitio\/wp-json\/wp\/v2\/types\/post"}],"author":[{"embeddable":true,"href":"https:\/\/eldiariodesanpedro.com.ar\/sitio\/wp-json\/wp\/v2\/users\/4"}],"replies":[{"embeddable":true,"href":"https:\/\/eldiariodesanpedro.com.ar\/sitio\/wp-json\/wp\/v2\/comments?post=80128"}],"version-history":[{"count":1,"href":"https:\/\/eldiariodesanpedro.com.ar\/sitio\/wp-json\/wp\/v2\/posts\/80128\/revisions"}],"predecessor-version":[{"id":80130,"href":"https:\/\/eldiariodesanpedro.com.ar\/sitio\/wp-json\/wp\/v2\/posts\/80128\/revisions\/80130"}],"wp:featuredmedia":[{"embeddable":true,"href":"https:\/\/eldiariodesanpedro.com.ar\/sitio\/wp-json\/wp\/v2\/media\/80129"}],"wp:attachment":[{"href":"https:\/\/eldiariodesanpedro.com.ar\/sitio\/wp-json\/wp\/v2\/media?parent=80128"}],"wp:term":[{"taxonomy":"category","embeddable":true,"href":"https:\/\/eldiariodesanpedro.com.ar\/sitio\/wp-json\/wp\/v2\/categories?post=80128"},{"taxonomy":"post_tag","embeddable":true,"href":"https:\/\/eldiariodesanpedro.com.ar\/sitio\/wp-json\/wp\/v2\/tags?post=80128"}],"curies":[{"name":"wp","href":"https:\/\/api.w.org\/{rel}","templated":true}]}}