{"id":80122,"date":"2020-08-27T11:41:20","date_gmt":"2020-08-27T14:41:20","guid":{"rendered":"https:\/\/eldiariodesanpedro.com.ar\/sitio\/?p=80122"},"modified":"2020-08-27T11:41:24","modified_gmt":"2020-08-27T14:41:24","slug":"denuncia-por-danos-y-amenazas","status":"publish","type":"post","link":"https:\/\/eldiariodesanpedro.com.ar\/sitio\/denuncia-por-danos-y-amenazas\/","title":{"rendered":"Denuncia por da\u00f1os y amenazas"},"content":{"rendered":"<!-- VideographyWP Plugin Message: Automatic video embedding prevented by plugin options. -->\n\n<p>Una mujer de 32 a\u00f1os se hizo presente en la comisar\u00eda local para realizar una denuncia donde informa&nbsp; que en el d\u00eda de ayer se hace presente en su domicilio Laprida al 500 una femenina que reconoce, mayor de edad, la cual causa da\u00f1os en sus aberturas y vocifera amenazas.&nbsp;<\/p>\n\n\n\n<p>La v\u00edctima refiere problemas de data anterior.<\/p>\n","protected":false},"excerpt":{"rendered":"<p>Una mujer de 32 a\u00f1os se hizo presente en la comisar\u00eda local para realizar una denuncia donde informa&nbsp; que en el d\u00eda de ayer se hace presente en su domicilio Laprida al 500 una femenina que reconoce, mayor de edad, la cual causa da\u00f1os en sus aberturas y vocifera amenazas.&nbsp; La v\u00edctima refiere problemas de [&hellip;]<\/p>\n","protected":false},"author":4,"featured_media":45394,"comment_status":"open","ping_status":"closed","sticky":false,"template":"","format":"standard","meta":{"om_disable_all_campaigns":false,"_jetpack_memberships_contains_paid_content":false,"footnotes":""},"categories":[2,103],"tags":[197,33,95],"class_list":["post-80122","post","type-post","status-publish","format-standard","has-post-thumbnail","hentry","category-locales","category-policiales-locales","tag-buenos-aires","tag-locales","tag-policiales"],"aioseo_notices":[],"gutentor_comment":0,"jetpack_featured_media_url":"https:\/\/eldiariodesanpedro.com.ar\/sitio\/wp-content\/uploads\/2019\/01\/comisaria.jpg","jetpack_shortlink":"https:\/\/wp.me\/p6RhLt-kQi","jetpack_sharing_enabled":true,"_links":{"self":[{"href":"https:\/\/eldiariodesanpedro.com.ar\/sitio\/wp-json\/wp\/v2\/posts\/80122","targetHints":{"allow":["GET"]}}],"collection":[{"href":"https:\/\/eldiariodesanpedro.com.ar\/sitio\/wp-json\/wp\/v2\/posts"}],"about":[{"href":"https:\/\/eldiariodesanpedro.com.ar\/sitio\/wp-json\/wp\/v2\/types\/post"}],"author":[{"embeddable":true,"href":"https:\/\/eldiariodesanpedro.com.ar\/sitio\/wp-json\/wp\/v2\/users\/4"}],"replies":[{"embeddable":true,"href":"https:\/\/eldiariodesanpedro.com.ar\/sitio\/wp-json\/wp\/v2\/comments?post=80122"}],"version-history":[{"count":1,"href":"https:\/\/eldiariodesanpedro.com.ar\/sitio\/wp-json\/wp\/v2\/posts\/80122\/revisions"}],"predecessor-version":[{"id":80123,"href":"https:\/\/eldiariodesanpedro.com.ar\/sitio\/wp-json\/wp\/v2\/posts\/80122\/revisions\/80123"}],"wp:featuredmedia":[{"embeddable":true,"href":"https:\/\/eldiariodesanpedro.com.ar\/sitio\/wp-json\/wp\/v2\/media\/45394"}],"wp:attachment":[{"href":"https:\/\/eldiariodesanpedro.com.ar\/sitio\/wp-json\/wp\/v2\/media?parent=80122"}],"wp:term":[{"taxonomy":"category","embeddable":true,"href":"https:\/\/eldiariodesanpedro.com.ar\/sitio\/wp-json\/wp\/v2\/categories?post=80122"},{"taxonomy":"post_tag","embeddable":true,"href":"https:\/\/eldiariodesanpedro.com.ar\/sitio\/wp-json\/wp\/v2\/tags?post=80122"}],"curies":[{"name":"wp","href":"https:\/\/api.w.org\/{rel}","templated":true}]}}