{"id":80107,"date":"2020-08-27T11:14:01","date_gmt":"2020-08-27T14:14:01","guid":{"rendered":"https:\/\/eldiariodesanpedro.com.ar\/sitio\/?p=80107"},"modified":"2020-08-27T11:34:35","modified_gmt":"2020-08-27T14:34:35","slug":"vuelta-de-obligado-las-cadenas-corresponderian-a-un-eslabon-de-las-primeras-decadas-del-siglo-xix","status":"publish","type":"post","link":"https:\/\/eldiariodesanpedro.com.ar\/sitio\/vuelta-de-obligado-las-cadenas-corresponderian-a-un-eslabon-de-las-primeras-decadas-del-siglo-xix\/","title":{"rendered":"Vuelta de Obligado: Las cadenas corresponder\u00edan a un eslab\u00f3n de las primeras d\u00e9cadas del siglo XIX"},"content":{"rendered":"<!-- VideographyWP Plugin Message: Automatic video embedding prevented by plugin options. -->\n\n<p>El Departamento de Ciencias Sociales de la Universidad Nacional de Luj\u00e1n a trav\u00e9s del programa de Arqueolog\u00eda Hist\u00f3rica y Estudios Pluridisciplinarios dirigido por el Dr. Mariano Ramos; Dr. Carlos Landa y la Lic. Alejanda Raies brind\u00f3 a la Direcci\u00f3n de Cultura de la Municipalidad de San Pedro el primer informe sobre el hallazgo de cadenas en las costas de #VueltaDeObligado.<\/p>\n\n\n\n<p>En el mismo indican que: \u00abAnte el potencial valor arqueol\u00f3gico-hist\u00f3rico de los materiales y su posible relaci\u00f3n con el evento hist\u00f3rico ocurrido en la zona y pese al marco de una pandemia mundial por el virus SARS-CoV-2 (COVID-19), el 10 de agosto de 2020 -en posesi\u00f3n de los certificados habilitantes- se llev\u00f3 a cabo un estudio preliminar in situ del hallazgo. Dichas labores, abarcaron entrevistas a los pobladores locales, prospecci\u00f3n con detector de metales mediante transectas, recolecci\u00f3n de superficie, sondeos exploratorios, toma de muestras de material y sedimentos.<\/p>\n\n\n\n<p>Las actividades desarrolladas se enmarcan dentro del estudio denominado investigaci\u00f3n interdisciplinaria acerca de la batalla de Vuelta de Obligado en el marco de la Guerra del Paran\u00e1, proyecto con 20 a\u00f1os de trayectoria\u00bb.<\/p>\n\n\n\n<p>Sobre las tareas llevadas a cabo en el campo en contexto de rescate, informan: \u00abAl arribar al \u00e1rea de trabajo, como primera medida, realizamos una limpieza superficial del espacio ya que las cadenas hab\u00edan sido atadas con un cable de acero a un barril de combustible como indicador de su posici\u00f3n debido a la crecida de r\u00edo. El hallazgo en estado original -seg\u00fan entrevista realizada a Jorge L\u00f3pez- fue realizado mediante el uso de un detector de metales. Luego se excav\u00f3 hasta dejar expuestas dos l\u00edneas de cadena con ocho eslabones cada una. Al momento de nuestro arribo, y tras haber subido el nivel del r\u00edo, se pod\u00eda apreciar \u00fanicamente tres eslabones por tramo, producto de la re-deposici\u00f3n del sedimento. As\u00ed, luego de la limpieza y retiro de los elementos intrusivos, comenzamos con las actividades para registrar el hallazgo arqueol\u00f3gico.<\/p>\n\n\n\n<p>En primera instancia, se tom\u00f3 el posicionamiento geogr\u00e1fico de las cadenas mediante GPS (33\u00ba 38&#8242; 94.4&#8243; S, 59\u00ba, 81&#8242; 91.5&#8243; O ) y se las referenci\u00f3 de manera manual, por medio de od\u00f3metro y br\u00fajula, en relaci\u00f3n al monumento conmemorativo. Se ubicaron a una distancia de 79,8 m con rumbo 27\u00baN respecto del punto gu\u00eda. Esta informaci\u00f3n geogr\u00e1fica ser\u00e1 confrontada con los datos obtenidos en febrero de 2016 como resultado del estudio realizado mediante sonar de barrido lateral en el r\u00edo Paran\u00e1 a la altura de Vuelta de Obligado y con los an\u00e1lisis especiales de extrapolaci\u00f3n del croquis de la batalla realizados por Sulivan en 1845 (Raies 2020).<\/p>\n\n\n\n<p>A continuaci\u00f3n, se procedi\u00f3 con el trazado de una transecta -denominada A- (2x 7,3m), perpendicular al r\u00edo en orientaci\u00f3n noroeste, con el objetivo de realizar una recolecci\u00f3n superficial visual y empleando un detector de metales ante la posibilidad de continuidad de las l\u00edneas de eslabones o de alg\u00fan resto asociado.<\/p>\n\n\n\n<p>Como resultado se hallaron cuatro fragmentos met\u00e1licos identificados como fragmentos de eslab\u00f3n, un contrete y un fragmento ferroso posiblemente parte de dicho eslab\u00f3n. Las piezas presentan marcas de tracci\u00f3n y fracturas frescas, evidencias de un intento de remoci\u00f3n y posible sustracci\u00f3n, lo que hace a\u00fan m\u00e1s necesario tomar acciones de protecci\u00f3n patrimonial ante un posible saqueo. Estas piezas han sido debidamente registradas, fotografiadas, embolsadas y trasladadas en car\u00e1cter de muestra con el fin de realizar estudios de laboratorio y arqueom\u00e9tricos que ayuden a precisar las t\u00e9cnicas de manufactura y la composici\u00f3n qu\u00edmica. Esto posibilitar\u00eda contar con una aproximaci\u00f3n cronol\u00f3gica relativa y su posible relaci\u00f3n con los acontecimientos de la batalla de Vuelta de Obligado.<\/p>\n\n\n\n<p>Concretamente, respecto a los dos tramos de cadena sumergidas realizamos un registro fotogr\u00e1fico-m\u00e9trico in situ, una descripci\u00f3n b\u00e1sica del contexto de hallazgo y una primera evaluaci\u00f3n visual y mediante un an\u00e1lisis morfol\u00f3gico &#8211; funcional del estado de preservaci\u00f3n de las piezas.<\/p>\n\n\n\n<p>El registro m\u00e9trico de las cadenas fue realizado con calibre manual debido a estar sumergidas, teniendo en cuenta longitud de los tramos que afloraban, el ancho, largo, ancho y di\u00e1metro de los eslabones como de sus contretes cuando \u00e9stos se encontraban. Al ser dos tramos de cadena, hemos denominado tramo norte y tramo sur respecto a su posici\u00f3n geogr\u00e1fica. Sus eslabones se registraron mediante n\u00fameros concatenados seg\u00fan tramo. La informaci\u00f3n recabada ser\u00e1 contrastada tanto con: a) los datos obtenidos mediante t\u00e9cnicas de caracterizaci\u00f3n de materiales; b) los datos referidos en documentos escritos y c) los estudios previos realizados a un tramos de cadena hallada fuera de contexto, entregado en 2012 por el Director de Cultura de San Pedro (Ramos et al 2015; De Rosa et al 2016). Con ello, se busca evaluar y establecer correlaci\u00f3n, en cuanto a sus caracter\u00edsticas t\u00e9cnicas y morfol\u00f3gicas, respecto de las cadenas utilizadas durante la \u00e9poca de la batalla.<\/p>\n\n\n\n<p>El estrato en donde se ubica el hallazgo corresponde a un limo arcilloso caracter\u00edstico del \u00e1rea costera del R\u00edo Paran\u00e1. Es bastante uniforme, con una textura barrosa, con presencia de mu\u00f1ecos de tosca sedimento calc\u00e1reo de mediano a gran tama\u00f1o. De ellos se tomaron muestras para ser analizados en su granulometr\u00eda y composici\u00f3n. Los datos provistos de estos an\u00e1lisis son pertinentes para evaluar los agentes postdepositacionales que afectan al material.<\/p>\n\n\n\n<p>A su vez, a fin de evaluar la estratigraf\u00eda general del \u00e1rea, se realizaron dos sondeos exploratorios de 0,30 x 0,30 m en los alrededores de las cadenas. El primer sondeo, denominado A, se realiz\u00f3 alineado perpendicularmente con la ubicaci\u00f3n de la cadena muy pr\u00f3ximo al borde de la costa y alcanz\u00f3 una profundidad de 0,20 m, hall\u00e1ndose un suelo firme de sedimento calc\u00e1reo (plancha de tosca). En cuanto al sondeo B, ubicado 1 m al NE del sondeo A, alcanz\u00f3 0,30 m de profundidad, hasta alcanzar la misma plancha de tosca.<\/p>\n\n\n\n<p>Finalmente, realizando una evaluaci\u00f3n preliminar del estado de preservaci\u00f3n de los tramos de cadenas, se aprecia que si bien la integridad es alta, al hallarse las piezas enteras o m\u00e1s del 70 % de ellas con relaci\u00f3n a su forma original, su estado de deterioro es alto, ya que presenta avanzada oxidaci\u00f3n y corrosi\u00f3n (entre el 70% y 95% de cada eslab\u00f3n). Este estado tiene un correlato en los artefactos sumergidos durante un tiempo prolongado; asimismo tambi\u00e9n en varios elementos met\u00e1licos recuperados en las campa\u00f1as arqueol\u00f3gicas desarrolladas por el proyecto durante 20 a\u00f1os.<\/p>\n\n\n\n<p>A los fines de asegurar la adecuada preservaci\u00f3n de los restos, teniendo en cuenta tanto las condiciones de humedad a las que estuvieron expuestos y la imposibilidad de realizar un tratamiento de estabilizaci\u00f3n en el laboratorio mientras dure la pandemia y la cuarentena, los restos fueron dejados in situ y debidamente cubiertos con sedimento. Esto responde al objetivo de preservarlos y que no quedaran expuestos al medio aer\u00f3bico evitando un da\u00f1o irremediable relacionado con la integridad de los objetos que forman parte del patrimonio nacional. Adem\u00e1s, el hallazgo fue se\u00f1alizado por Prefectura Nacional Argentina (PNA) mediante un boyado\u00bb.<\/p>\n\n\n\n<p>El pescador que divis\u00f3 las cadenas y dio aviso a las autoridades municipales, entreg\u00f3 otros objetos a los investigadores: \u00abEl primero de ellos corresponde a una bala maciza de 104 mm de di\u00e1metro y unos 6 kg de peso. Sobre la base de esta informaci\u00f3n, se trata de una bala de un ca\u00f1\u00f3n de 8 libras o 12 libras. Esta munici\u00f3n habr\u00eda pertenecido a la artiller\u00eda de la Confederaci\u00f3n Argentina, tanto por el tipo de bala como el calibre, as\u00ed como por su ubicaci\u00f3n en la costa este del r\u00edo. La pieza ser\u00e1 limpiada mec\u00e1nicamente, algo de conservaci\u00f3n y acondicionada para ser entregada al Museo Batalla de Obligado.<\/p>\n\n\n\n<p>En cuanto al segundo artefacto, se trata de un ornamento ferroso en forma de cruz con her\u00e1ldica de flores y con una espiga partida. El objeto se encuentra en estudio para determinar su composici\u00f3n, precisar sus caracter\u00edsticas y establecer su funci\u00f3n. Una vez determinado todo ello ser\u00e1 entregado al museo local.<\/p>\n\n\n\n<p>Como cierre del informe, dieron a conocer las consideraciones finales: \u00abEl particular contexto arqueol\u00f3gico hallado como consecuencia de la bajante hist\u00f3rica del r\u00edo Paran\u00e1, representa una oportunidad \u00fanica para el estudio de los elementos relacionados con el sistema defensivo montado en el campo de batalla de Vuelta de Obligado.<\/p>\n\n\n\n<p>Este suceso, que durar\u00e1 un tiempo limitado, incide para que se desarrolle un estudio de urgencia implementando un plan arqueol\u00f3gico integral, incluso con una fase que considere el contexto arqueol\u00f3gico subacu\u00e1tico:<\/p>\n\n\n\n<p>1- Actividad en tierra: prospecci\u00f3n superficial y subsuperficial (utilizando detectores de metal) mediante transectas orientadas en relaci\u00f3n con los documentos escritos para obtener informaci\u00f3n con respecto a posibles continuidades de tramos de cadenas y la ubicaci\u00f3n del mogote original de fijaci\u00f3n. Por otra parte, dentro de dicha transecta se plantea la realizaci\u00f3n de una serie de sondeos de 0,50 m x 0,50 m con el mismo objetivo. Adem\u00e1s esto abre la posibilidad para obtener informaci\u00f3n sobre los procesos de formaci\u00f3n del sitio.<\/p>\n\n\n\n<p>2- Tareas acu\u00e1ticas: prospecci\u00f3n bajo el agua a escala 1 a 1 realizada a trav\u00e9s del buceo aut\u00f3nomo sobre una superficie estimada inicialmente de 400 m2. La actividad cumplir\u00eda con el objetivo de hallar m\u00e1s restos de la cadena en la orilla del r\u00edo en condiciones excepcionales de bajante. Asimismo se demarcaran otros tipos de restos artefactuales o estructurales que pudieran hallarse durante los trabajos de prospecci\u00f3n.<\/p>\n\n\n\n<p>Por otra parte, se busca aportar informaci\u00f3n sobre la topograf\u00eda y tipo del fondo del r\u00edo hasta una m\u00e1xima cota de profundidad de 10 m. Se plantea poder observar variables tales como tipo de sedimento y potencial de enterramiento.<\/p>\n\n\n\n<p>Seg\u00fan los an\u00e1lisis preliminares realizados por el Ing. Horacio de Rosa del Grupo de Arqueometalurgia (GAM) de la Facultad de Ingenier\u00eda de la Universidad de Buenos Aires (UBA) las muestras tomadas el 10 de agosto de 2020, en cuanto a composici\u00f3n y caracter\u00edsticas tecnol\u00f3gicas, corresponder\u00edan a un eslab\u00f3n de cadena confeccionado durante las primeras d\u00e9cadas del siglo XIX.<\/p>\n\n\n<a href=\"https:\/\/eldiariodesanpedro.com.ar\/sitio\/wp-content\/uploads\/2020\/08\/Primer-informe.Vuelta-de-Obligado.-Hallazgo-de-cadena-1.pdf\" class=\"pdfemb-viewer\" style=\"\" data-width=\"max\" data-height=\"max\" data-toolbar=\"bottom\" data-toolbar-fixed=\"off\">Primer-informe.Vuelta-de-Obligado.-Hallazgo-de-cadena-1<\/a>\n<p class=\"wp-block-pdfemb-pdf-embedder-viewer\"><\/p>\n","protected":false},"excerpt":{"rendered":"<p>El Departamento de Ciencias Sociales de la Universidad Nacional de Luj\u00e1n a trav\u00e9s del programa de Arqueolog\u00eda Hist\u00f3rica y Estudios Pluridisciplinarios dirigido por el Dr. Mariano Ramos; Dr. Carlos Landa y la Lic. Alejanda Raies brind\u00f3 a la Direcci\u00f3n de Cultura de la Municipalidad de San Pedro el primer informe sobre el hallazgo de cadenas [&hellip;]<\/p>\n","protected":false},"author":4,"featured_media":80108,"comment_status":"open","ping_status":"closed","sticky":false,"template":"","format":"standard","meta":{"om_disable_all_campaigns":false,"_jetpack_memberships_contains_paid_content":false,"footnotes":""},"categories":[50,101,2],"tags":[197,1747,696,33],"class_list":["post-80107","post","type-post","status-publish","format-standard","has-post-thumbnail","hentry","category-destacadas","category-interes-general-locales","category-locales","tag-buenos-aires","tag-cadenas","tag-interes-general","tag-locales"],"aioseo_notices":[],"gutentor_comment":0,"jetpack_featured_media_url":"https:\/\/eldiariodesanpedro.com.ar\/sitio\/wp-content\/uploads\/2020\/08\/118460902_1722410967911246_7501451633412102080_n.jpg","jetpack_shortlink":"https:\/\/wp.me\/p6RhLt-kQ3","jetpack_sharing_enabled":true,"_links":{"self":[{"href":"https:\/\/eldiariodesanpedro.com.ar\/sitio\/wp-json\/wp\/v2\/posts\/80107","targetHints":{"allow":["GET"]}}],"collection":[{"href":"https:\/\/eldiariodesanpedro.com.ar\/sitio\/wp-json\/wp\/v2\/posts"}],"about":[{"href":"https:\/\/eldiariodesanpedro.com.ar\/sitio\/wp-json\/wp\/v2\/types\/post"}],"author":[{"embeddable":true,"href":"https:\/\/eldiariodesanpedro.com.ar\/sitio\/wp-json\/wp\/v2\/users\/4"}],"replies":[{"embeddable":true,"href":"https:\/\/eldiariodesanpedro.com.ar\/sitio\/wp-json\/wp\/v2\/comments?post=80107"}],"version-history":[{"count":2,"href":"https:\/\/eldiariodesanpedro.com.ar\/sitio\/wp-json\/wp\/v2\/posts\/80107\/revisions"}],"predecessor-version":[{"id":80117,"href":"https:\/\/eldiariodesanpedro.com.ar\/sitio\/wp-json\/wp\/v2\/posts\/80107\/revisions\/80117"}],"wp:featuredmedia":[{"embeddable":true,"href":"https:\/\/eldiariodesanpedro.com.ar\/sitio\/wp-json\/wp\/v2\/media\/80108"}],"wp:attachment":[{"href":"https:\/\/eldiariodesanpedro.com.ar\/sitio\/wp-json\/wp\/v2\/media?parent=80107"}],"wp:term":[{"taxonomy":"category","embeddable":true,"href":"https:\/\/eldiariodesanpedro.com.ar\/sitio\/wp-json\/wp\/v2\/categories?post=80107"},{"taxonomy":"post_tag","embeddable":true,"href":"https:\/\/eldiariodesanpedro.com.ar\/sitio\/wp-json\/wp\/v2\/tags?post=80107"}],"curies":[{"name":"wp","href":"https:\/\/api.w.org\/{rel}","templated":true}]}}