{"id":80105,"date":"2020-08-27T10:59:07","date_gmt":"2020-08-27T13:59:07","guid":{"rendered":"https:\/\/eldiariodesanpedro.com.ar\/sitio\/?p=80105"},"modified":"2020-08-27T10:59:10","modified_gmt":"2020-08-27T13:59:10","slug":"grupo-de-vecinos-elevan-una-carta-al-intendente-por-los-incendios-en-islas","status":"publish","type":"post","link":"https:\/\/eldiariodesanpedro.com.ar\/sitio\/grupo-de-vecinos-elevan-una-carta-al-intendente-por-los-incendios-en-islas\/","title":{"rendered":"Grupo de vecinos elevan una carta al intendente por los incendios en islas"},"content":{"rendered":"<!-- VideographyWP Plugin Message: Automatic video embedding prevented by plugin options. -->\n\n<p>En la jornada de hoy un grupo de vecinos auto convocados env\u00edan una carta solicitando al Intendente Cecilio Salazar que tome medidas con los incendios en islas.<\/p>\n\n\n\n<p>\u00abSe\u00f1or Intendente Municipal de la Ciudad de San Pedro Se\u00f1or Cecilio Salazar<br>CC: Honorable Concejo Deliberante \/ Cuerpo de los distintos Bloques<br>S \/ D<br>Asunto: Elevar Nota y Solicitud de informaci\u00f3n Tema: Incendios en Islas Delta del Paran\u00e1<\/p>\n\n\n\n<p>Nos dirigimos a usted con el motivo de conocer, cu\u00e1les son las acciones concretas que se han realizado y se realizan respecto a la quema en zona de islas desde el municipio; observamos el incumplimiento de las leyes nacionales de ambiente.<\/p>\n\n\n\n<p>Vemos con gran preocupaci\u00f3n la destrucci\u00f3n incesante de nuestra flora y fauna, patrimonio de todos los sampedrinos, peligrando las vidas humanas que habitan esta zona desde siempre. Debido al humo que cubre toda la ciudad nuestra poblaci\u00f3n se ve afectada en su salud sobretodo en tiempos de pandemia propiciando enfermedades respiratorias. El deterioro del ambiente nos perjudica en gran manera.<\/p>\n\n\n\n<p>No se ha visto ning\u00fan tipo de acci\u00f3n, ni gestiones solicitando apoyo a la Provincia ni a Naci\u00f3n. El da\u00f1o que se ha ocasionado se considera un delito ambiental. Solicitamos como ciudadanos una pronta repuesta.<br>Exigimos a nuestros gobernantes el cumplimiento, implementaci\u00f3n y control de las siguientes leyes:<br>Convenci\u00f3n sobre los Derechos del Ni\u00f1o; art. 41 y 43 de la Constituci\u00f3n Nacional; Ley de la Ni\u00f1ez N\u00ba 26.061 art. 11;art. 30 y 32 de la Ley General del Ambiente N\u00ba 25.675; Convenio de Diversidad Biol\u00f3gica Ley 24.375; Ley de Gesti\u00f3n Ambiental de Aguas N\u00b0 25.688; Convenci\u00f3n Marco de las Naciones Unidas sobre el Cambio Clim\u00e1tico Ley 24.295; Acuerdo de Par\u00eds aprobado por Ley 27.270; Ley 27.520 (Adaptaci\u00f3n y Mitigaci\u00f3n al Cambio Clim\u00e1tico Global); Ley 23.919 (Protecci\u00f3n de los Humedales, RAMSAR); Ley 26.562 (control de actividades de quema); Ley 26.331 (protecci\u00f3n de bosques nativos); Ley 26.815 (protecci\u00f3n ambiental en materia de incendios forestales y rurales); Ley 25.675 y Ley 25.688 Ministerio de Medio Ambiente decl\u00e1rese emergencia ambiental y zona critica el delta del Paran\u00e1 &#8211; En su art\u00edculo 2\u00aa se dispone \u00abpor el t\u00e9rmino de ciento ochenta (180) d\u00edas la prohibici\u00f3n de la quema de pastizales\u00bb En Provincia de Buenos Aires Ley 14888\/17 (Ordenamiento Territorial de Bosques Nativos) En #SanPedro la #Ordenanza 5444<\/p>\n\n\n\n<p>Saludamos atte. vecinos angustiados por incendios en Islas Delta del Paran\u00e1\u00bb<\/p>\n","protected":false},"excerpt":{"rendered":"<p>En la jornada de hoy un grupo de vecinos auto convocados env\u00edan una carta solicitando al Intendente Cecilio Salazar que tome medidas con los incendios en islas. \u00abSe\u00f1or Intendente Municipal de la Ciudad de San Pedro Se\u00f1or Cecilio SalazarCC: Honorable Concejo Deliberante \/ Cuerpo de los distintos BloquesS \/ DAsunto: Elevar Nota y Solicitud de [&hellip;]<\/p>\n","protected":false},"author":4,"featured_media":79986,"comment_status":"open","ping_status":"closed","sticky":false,"template":"","format":"standard","meta":{"om_disable_all_campaigns":false,"_jetpack_memberships_contains_paid_content":false,"footnotes":""},"categories":[101,2],"tags":[],"class_list":["post-80105","post","type-post","status-publish","format-standard","has-post-thumbnail","hentry","category-interes-general-locales","category-locales"],"aioseo_notices":[],"gutentor_comment":0,"jetpack_featured_media_url":"https:\/\/eldiariodesanpedro.com.ar\/sitio\/wp-content\/uploads\/2020\/08\/no_lu5vrw3c5vt2pvk20200825_181511_0000.png","jetpack_shortlink":"https:\/\/wp.me\/p6RhLt-kQ1","jetpack_sharing_enabled":true,"_links":{"self":[{"href":"https:\/\/eldiariodesanpedro.com.ar\/sitio\/wp-json\/wp\/v2\/posts\/80105","targetHints":{"allow":["GET"]}}],"collection":[{"href":"https:\/\/eldiariodesanpedro.com.ar\/sitio\/wp-json\/wp\/v2\/posts"}],"about":[{"href":"https:\/\/eldiariodesanpedro.com.ar\/sitio\/wp-json\/wp\/v2\/types\/post"}],"author":[{"embeddable":true,"href":"https:\/\/eldiariodesanpedro.com.ar\/sitio\/wp-json\/wp\/v2\/users\/4"}],"replies":[{"embeddable":true,"href":"https:\/\/eldiariodesanpedro.com.ar\/sitio\/wp-json\/wp\/v2\/comments?post=80105"}],"version-history":[{"count":1,"href":"https:\/\/eldiariodesanpedro.com.ar\/sitio\/wp-json\/wp\/v2\/posts\/80105\/revisions"}],"predecessor-version":[{"id":80106,"href":"https:\/\/eldiariodesanpedro.com.ar\/sitio\/wp-json\/wp\/v2\/posts\/80105\/revisions\/80106"}],"wp:featuredmedia":[{"embeddable":true,"href":"https:\/\/eldiariodesanpedro.com.ar\/sitio\/wp-json\/wp\/v2\/media\/79986"}],"wp:attachment":[{"href":"https:\/\/eldiariodesanpedro.com.ar\/sitio\/wp-json\/wp\/v2\/media?parent=80105"}],"wp:term":[{"taxonomy":"category","embeddable":true,"href":"https:\/\/eldiariodesanpedro.com.ar\/sitio\/wp-json\/wp\/v2\/categories?post=80105"},{"taxonomy":"post_tag","embeddable":true,"href":"https:\/\/eldiariodesanpedro.com.ar\/sitio\/wp-json\/wp\/v2\/tags?post=80105"}],"curies":[{"name":"wp","href":"https:\/\/api.w.org\/{rel}","templated":true}]}}