{"id":80100,"date":"2020-08-27T10:28:31","date_gmt":"2020-08-27T13:28:31","guid":{"rendered":"https:\/\/eldiariodesanpedro.com.ar\/sitio\/?p=80100"},"modified":"2020-08-27T10:28:32","modified_gmt":"2020-08-27T13:28:32","slug":"visita-de-la-senadora-agustina-propato","status":"publish","type":"post","link":"https:\/\/eldiariodesanpedro.com.ar\/sitio\/visita-de-la-senadora-agustina-propato\/","title":{"rendered":"Visita de la Senadora Agustina Propato"},"content":{"rendered":"<!-- VideographyWP Plugin Message: Automatic video embedding prevented by plugin options. -->\n\n<p>El Intendente Cecilio Salazar recibi\u00f3 ayer en su despacho a la Senadora Provincial Agustina Propato, Legisladora del Frente de Todos, oriunda de Las Flores y actualmente Vice Presidenta de la Comisi\u00f3n de Modernizaci\u00f3n del Estado, Participaci\u00f3n Ciudadana e Innovaci\u00f3n Tecnol\u00f3gica del Senado Bonaerense.<\/p>\n\n\n\n<p>Propato, esposa del Secretario de Seguridad de la Provincia de Buenos Aires, Sergio Berni (con quien el Intendente tiene una fluida relaci\u00f3n y mantendr\u00e1 una reuni\u00f3n pr\u00f3ximamente), comparti\u00f3 con Salazar un repaso general de la situaci\u00f3n de la zona con relaci\u00f3n a la Pandemia de Covid-19 y otros temas vinculados con cuestiones legislativas.<\/p>\n\n\n\n<p>La Senadora recibi\u00f3 por parte del Intendente una inquietud para intensificar el trabajo en la unificaci\u00f3n de criterios en esa c\u00e1mara, donde existen diversas iniciativas para otorgarle un marco provincial a la legislaci\u00f3n relacionada con la producci\u00f3n del cannabis medicinal.<\/p>\n\n\n\n<p>El tema que interesa particularmente en la zona y en el que Salazar viene trabajando desde hace tiempo, ya cuenta con proyectos presentados por la Diputada Mar\u00eda Laura Ram\u00edrez del Frente de Todos y por Emiliano Balb\u00edn de Juntos por el Cambio.<\/p>\n\n\n\n<p>La intenci\u00f3n es generar consensos y sumar nuevas adhesiones para lograr avanzar. A esta acci\u00f3n se sumar\u00eda adem\u00e1s la Diputada Natalia S\u00e1nchez Jauregui (Partido Fe) con la intenci\u00f3n de generar novedades en el corto plazo y contemplar las necesidades reales de una Ley Provincial, acorde a la expectativa de los vecinos y a la importancia de facilitar el acceso a este tratamiento a todos los vecinos de la Provincia de Buenos Aires.<\/p>\n\n\n\n<figure class=\"wp-block-image size-large\"><img decoding=\"async\" width=\"1024\" height=\"700\" data-attachment-id=\"80101\" data-permalink=\"https:\/\/eldiariodesanpedro.com.ar\/sitio\/visita-de-la-senadora-agustina-propato\/whatsapp-image-2020-08-27-at-10-19-33-1\/\" data-orig-file=\"https:\/\/eldiariodesanpedro.com.ar\/sitio\/wp-content\/uploads\/2020\/08\/WhatsApp-Image-2020-08-27-at-10.19.33-1.jpeg\" data-orig-size=\"1280,875\" data-comments-opened=\"1\" data-image-meta=\"{&quot;aperture&quot;:&quot;0&quot;,&quot;credit&quot;:&quot;&quot;,&quot;camera&quot;:&quot;&quot;,&quot;caption&quot;:&quot;&quot;,&quot;created_timestamp&quot;:&quot;0&quot;,&quot;copyright&quot;:&quot;&quot;,&quot;focal_length&quot;:&quot;0&quot;,&quot;iso&quot;:&quot;0&quot;,&quot;shutter_speed&quot;:&quot;0&quot;,&quot;title&quot;:&quot;&quot;,&quot;orientation&quot;:&quot;0&quot;}\" data-image-title=\"WhatsApp Image 2020-08-27 at 10.19.33 (1)\" data-image-description=\"\" data-image-caption=\"\" data-large-file=\"https:\/\/eldiariodesanpedro.com.ar\/sitio\/wp-content\/uploads\/2020\/08\/WhatsApp-Image-2020-08-27-at-10.19.33-1-1024x700.jpeg\" data-src=\"https:\/\/eldiariodesanpedro.com.ar\/sitio\/wp-content\/uploads\/2020\/08\/WhatsApp-Image-2020-08-27-at-10.19.33-1-1024x700.jpeg\" alt=\"\" class=\"wp-image-80101 lazyload\" data-srcset=\"https:\/\/eldiariodesanpedro.com.ar\/sitio\/wp-content\/uploads\/2020\/08\/WhatsApp-Image-2020-08-27-at-10.19.33-1-1024x700.jpeg 1024w, https:\/\/eldiariodesanpedro.com.ar\/sitio\/wp-content\/uploads\/2020\/08\/WhatsApp-Image-2020-08-27-at-10.19.33-1-300x205.jpeg 300w, https:\/\/eldiariodesanpedro.com.ar\/sitio\/wp-content\/uploads\/2020\/08\/WhatsApp-Image-2020-08-27-at-10.19.33-1-768x525.jpeg 768w, https:\/\/eldiariodesanpedro.com.ar\/sitio\/wp-content\/uploads\/2020\/08\/WhatsApp-Image-2020-08-27-at-10.19.33-1.jpeg 1280w\" data-sizes=\"(max-width: 1024px) 100vw, 1024px\" src=\"data:image\/svg+xml;base64,PHN2ZyB3aWR0aD0iMSIgaGVpZ2h0PSIxIiB4bWxucz0iaHR0cDovL3d3dy53My5vcmcvMjAwMC9zdmciPjwvc3ZnPg==\" style=\"--smush-placeholder-width: 1024px; --smush-placeholder-aspect-ratio: 1024\/700;\" \/><\/figure>\n","protected":false},"excerpt":{"rendered":"<p>El Intendente Cecilio Salazar recibi\u00f3 ayer en su despacho a la Senadora Provincial Agustina Propato, Legisladora del Frente de Todos, oriunda de Las Flores y actualmente Vice Presidenta de la Comisi\u00f3n de Modernizaci\u00f3n del Estado, Participaci\u00f3n Ciudadana e Innovaci\u00f3n Tecnol\u00f3gica del Senado Bonaerense. Propato, esposa del Secretario de Seguridad de la Provincia de Buenos Aires, [&hellip;]<\/p>\n","protected":false},"author":4,"featured_media":80102,"comment_status":"open","ping_status":"closed","sticky":false,"template":"","format":"standard","meta":{"om_disable_all_campaigns":false,"_jetpack_memberships_contains_paid_content":false,"footnotes":""},"categories":[50,101,2],"tags":[197,696,33],"class_list":["post-80100","post","type-post","status-publish","format-standard","has-post-thumbnail","hentry","category-destacadas","category-interes-general-locales","category-locales","tag-buenos-aires","tag-interes-general","tag-locales"],"aioseo_notices":[],"gutentor_comment":0,"jetpack_featured_media_url":"https:\/\/eldiariodesanpedro.com.ar\/sitio\/wp-content\/uploads\/2020\/08\/WhatsApp-Image-2020-08-27-at-10.19.33.jpeg","jetpack_shortlink":"https:\/\/wp.me\/p6RhLt-kPW","jetpack_sharing_enabled":true,"_links":{"self":[{"href":"https:\/\/eldiariodesanpedro.com.ar\/sitio\/wp-json\/wp\/v2\/posts\/80100","targetHints":{"allow":["GET"]}}],"collection":[{"href":"https:\/\/eldiariodesanpedro.com.ar\/sitio\/wp-json\/wp\/v2\/posts"}],"about":[{"href":"https:\/\/eldiariodesanpedro.com.ar\/sitio\/wp-json\/wp\/v2\/types\/post"}],"author":[{"embeddable":true,"href":"https:\/\/eldiariodesanpedro.com.ar\/sitio\/wp-json\/wp\/v2\/users\/4"}],"replies":[{"embeddable":true,"href":"https:\/\/eldiariodesanpedro.com.ar\/sitio\/wp-json\/wp\/v2\/comments?post=80100"}],"version-history":[{"count":1,"href":"https:\/\/eldiariodesanpedro.com.ar\/sitio\/wp-json\/wp\/v2\/posts\/80100\/revisions"}],"predecessor-version":[{"id":80104,"href":"https:\/\/eldiariodesanpedro.com.ar\/sitio\/wp-json\/wp\/v2\/posts\/80100\/revisions\/80104"}],"wp:featuredmedia":[{"embeddable":true,"href":"https:\/\/eldiariodesanpedro.com.ar\/sitio\/wp-json\/wp\/v2\/media\/80102"}],"wp:attachment":[{"href":"https:\/\/eldiariodesanpedro.com.ar\/sitio\/wp-json\/wp\/v2\/media?parent=80100"}],"wp:term":[{"taxonomy":"category","embeddable":true,"href":"https:\/\/eldiariodesanpedro.com.ar\/sitio\/wp-json\/wp\/v2\/categories?post=80100"},{"taxonomy":"post_tag","embeddable":true,"href":"https:\/\/eldiariodesanpedro.com.ar\/sitio\/wp-json\/wp\/v2\/tags?post=80100"}],"curies":[{"name":"wp","href":"https:\/\/api.w.org\/{rel}","templated":true}]}}