{"id":80097,"date":"2020-08-27T10:21:32","date_gmt":"2020-08-27T13:21:32","guid":{"rendered":"https:\/\/eldiariodesanpedro.com.ar\/sitio\/?p=80097"},"modified":"2020-08-27T10:40:11","modified_gmt":"2020-08-27T13:40:11","slug":"una-mujer-denuncio-que-su-pareja-la-obligo-a-tener-relaciones-con-un-perro","status":"publish","type":"post","link":"https:\/\/eldiariodesanpedro.com.ar\/sitio\/una-mujer-denuncio-que-su-pareja-la-obligo-a-tener-relaciones-con-un-perro\/","title":{"rendered":"Una mujer denuncio que su pareja la obligo a tener relaciones con un perro"},"content":{"rendered":"<!-- VideographyWP Plugin Message: Automatic video embedding prevented by plugin options. -->\n\n<p>En la jornada de ayer se recibi\u00f3 la denuncia de una mujer en la comisar\u00eda local por un gravisimo y aberrante hecho de abuso.<\/p>\n\n\n\n<p>Este mi\u00e9rcoles se recibi\u00f3 una denuncia en la comisar\u00eda de la Mujer y la Familia por parte de una ciudadana de 44 a\u00f1os de edad quien declar\u00f3 haber recibido abusos sexuales por parte de su pareja con la que convive desde hace 25 a\u00f1os.<\/p>\n\n\n\n<p>Segun relata la mujer en su declaracion ante el fiscal de la causa su pareja un hombre de 45 a\u00f1os la obligaba a tener relaciones sexuales con un perro siendo amenazada de muerte si no cumplia sus necesidades.<\/p>\n\n\n\n<p>Seg\u00fan asegur\u00f3 esta persona hace 8 a\u00f1os que es obligada a amantener relaciones con este hombre, a utilizar diversos elementos y de tener sexo con animales.<\/p>\n\n\n\n<p>La mujer fue asistida por psic\u00f3logos y se encuentra resguardada lejos del domicilio del abusador.<\/p>\n\n\n\n<p>En horas de la tarde se desarroll\u00f3 un allanamiento en el domicilio de la pareja para poder encontrar las armas con la que esta mujer recib\u00eda las amenazas con resultados negativos.<\/p>\n\n\n\n<p>El hombre qued\u00f3 imputado en la causa y se realizaron las investigaciones necesarias para poder realizar la detenci\u00f3n de este sujeto.<\/p>\n","protected":false},"excerpt":{"rendered":"<p>En la jornada de ayer se recibi\u00f3 la denuncia de una mujer en la comisar\u00eda local por un gravisimo y aberrante hecho de abuso. Este mi\u00e9rcoles se recibi\u00f3 una denuncia en la comisar\u00eda de la Mujer y la Familia por parte de una ciudadana de 44 a\u00f1os de edad quien declar\u00f3 haber recibido abusos sexuales [&hellip;]<\/p>\n","protected":false},"author":4,"featured_media":80098,"comment_status":"open","ping_status":"closed","sticky":false,"template":"","format":"standard","meta":{"om_disable_all_campaigns":false,"_jetpack_memberships_contains_paid_content":false,"footnotes":""},"categories":[50,2,103],"tags":[197,33,95],"class_list":["post-80097","post","type-post","status-publish","format-standard","has-post-thumbnail","hentry","category-destacadas","category-locales","category-policiales-locales","tag-buenos-aires","tag-locales","tag-policiales"],"aioseo_notices":[],"gutentor_comment":0,"jetpack_featured_media_url":"https:\/\/eldiariodesanpedro.com.ar\/sitio\/wp-content\/uploads\/2020\/08\/la-comisaria-de-la-mujer___w9ngJVkEw_640x361__1.jpg","jetpack_shortlink":"https:\/\/wp.me\/p6RhLt-kPT","jetpack_sharing_enabled":true,"_links":{"self":[{"href":"https:\/\/eldiariodesanpedro.com.ar\/sitio\/wp-json\/wp\/v2\/posts\/80097","targetHints":{"allow":["GET"]}}],"collection":[{"href":"https:\/\/eldiariodesanpedro.com.ar\/sitio\/wp-json\/wp\/v2\/posts"}],"about":[{"href":"https:\/\/eldiariodesanpedro.com.ar\/sitio\/wp-json\/wp\/v2\/types\/post"}],"author":[{"embeddable":true,"href":"https:\/\/eldiariodesanpedro.com.ar\/sitio\/wp-json\/wp\/v2\/users\/4"}],"replies":[{"embeddable":true,"href":"https:\/\/eldiariodesanpedro.com.ar\/sitio\/wp-json\/wp\/v2\/comments?post=80097"}],"version-history":[{"count":1,"href":"https:\/\/eldiariodesanpedro.com.ar\/sitio\/wp-json\/wp\/v2\/posts\/80097\/revisions"}],"predecessor-version":[{"id":80099,"href":"https:\/\/eldiariodesanpedro.com.ar\/sitio\/wp-json\/wp\/v2\/posts\/80097\/revisions\/80099"}],"wp:featuredmedia":[{"embeddable":true,"href":"https:\/\/eldiariodesanpedro.com.ar\/sitio\/wp-json\/wp\/v2\/media\/80098"}],"wp:attachment":[{"href":"https:\/\/eldiariodesanpedro.com.ar\/sitio\/wp-json\/wp\/v2\/media?parent=80097"}],"wp:term":[{"taxonomy":"category","embeddable":true,"href":"https:\/\/eldiariodesanpedro.com.ar\/sitio\/wp-json\/wp\/v2\/categories?post=80097"},{"taxonomy":"post_tag","embeddable":true,"href":"https:\/\/eldiariodesanpedro.com.ar\/sitio\/wp-json\/wp\/v2\/tags?post=80097"}],"curies":[{"name":"wp","href":"https:\/\/api.w.org\/{rel}","templated":true}]}}