{"id":80092,"date":"2020-08-27T09:37:31","date_gmt":"2020-08-27T12:37:31","guid":{"rendered":"https:\/\/eldiariodesanpedro.com.ar\/sitio\/?p=80092"},"modified":"2020-08-27T09:37:35","modified_gmt":"2020-08-27T12:37:35","slug":"100-anos-de-la-radiodifusion-argentina","status":"publish","type":"post","link":"https:\/\/eldiariodesanpedro.com.ar\/sitio\/100-anos-de-la-radiodifusion-argentina\/","title":{"rendered":"100 A\u00f1os de la Radiodifusi\u00f3n Argentina"},"content":{"rendered":"<!-- VideographyWP Plugin Message: Automatic video embedding prevented by plugin options. -->\n\n<p>100 a\u00f1os han pasado de la hist\u00f3rica noche del 27 &nbsp;agosto de 1920 cuando Enrique Tel\u00e9maco Sucini y sus amigos C\u00e9sar Guerrico, Luis Romero Carranza y Miguel Mujica, llevaron a cabo la decisi\u00f3n de realizar una trasmisi\u00f3n publica de la incipiente radiofon\u00eda desde el teatro Coliseo de Buenos Aires en la calle Cerrito y Charcas, instalaron los equipos montaron la antena y fue as\u00ed, &nbsp;que esa noche, los probablemente pocos &nbsp;poseedores de receptores a galena o regenerativos pudieron o\u00edr la voz de Enrique Sucini que anunciaba: \u201c<em>En nombre de la Sociedad Radio Argentina les habla Enrique Susini, estamos emitiendo directamente desde la sala del Teatro Coliseo de Buenos Aires cuando en mi reloj son las 21 horas dos minutos de este 27 de agosto.\u201d. <\/em>Transmiti\u00e9ndose seguidamente el festival sacro de Ricardo Wagner \u201cParsifal\u201d.<\/p>\n\n\n\n<p>Y as\u00ed naci\u00f3 la radio como medio de comunicaci\u00f3n masiva en nuestro pa\u00eds, lo que hizo que r\u00e1pidamente comenzaran a instalarse nuevas emisoras de radio, a la reci\u00e9n inaugurada Sociedad Radio Argentina se le fueron agregando: En diciembre de 1922, en tres d\u00edas consecutivos se crearon tres estaciones radiales: Radio Cultura, , Radio Sud Am\u00e9rica, y TCR Radio Brusa. En 1923 se sumaron: TFF Grand Splendid Theatre, propiedad del ingeniero Antonio Devoto.<\/p>\n\n\n\n<p>En 1924 DW1 Quilmes Brodcasting que luego ser\u00eda Radio del Pueblo y actualmente Radio Buenos Aires, Radio Splendid, la primera radio oficial Radio Municipal y,&nbsp;&nbsp; en 1925 LOZ Radio la Naci\u00f3n antecesora de Radio Mitre.<\/p>\n\n\n\n<p>Para fines de la primera d\u00e9cada de la radio se pod\u00edan sintonizar las siguientes emisoras de Buenos Aires.: LS8 Radio St\u00e9ntor, LS2 Radio Prieto, LR8 Radio Par\u00eds, LS5 Radio Rivadavia, LR9 Radio F\u00e9nix LR4 Radio Splendid, LR3 Radio Belgrano, LR2 Radio Argentina, LR6 Radio La Naci\u00f3n, LR5 Radio Excelsior, LR10 Radio Cultura, LS1 Broadcasting Municipal, LS4 Radio Porte\u00f1a y LS5 Radio Mayo.<\/p>\n\n\n\n<p>La primera emisora nacida fuera de los l\u00edmites de la Capital Federal fue la actual LT3 Radio Cerealista de Rosario, 680 Khz. en el dial, provincia de Santa Fe, inaugurada el 4 de octubre de 1923. Dos a\u00f1os m\u00e1s tarde se inaugur\u00f3 la primera emisora cordobesa, Radio Lutz y Ferrando. En 1927 comenz\u00f3 sus transmisiones la antecesora de la actual LT8 Radio Rosario, 830 Khz., llamada entonces Radio Col\u00f3n o Radio Millelot. Ese mismo a\u00f1o naci\u00f3 la radio LU10&nbsp; radio Azul en los 1320 Khz, de la ciudad del mismo nombre. En 1928 le lleg\u00f3 el turno a la provincia de Tucum\u00e1n, con la inauguraci\u00f3n de la actual LV7 Radio Tucum\u00e1n en 930 Khz.<\/p>\n\n\n\n<p>Pero nuestra Ciudad tambi\u00e9n tuvo su primera emisora sampedrina, existiendo en ese tiempo muy pocas en el pa\u00eds, fue all\u00e1 por el a\u00f1o 1925 cuando, el radioaficionado Rodolfo Sein, autorizada por el <strong><em>Ministerio del Interior de la Naci\u00f3n<\/em><\/strong><em>, <\/em>puso en marcha una emisoracon un radio de alcance de 200 kil\u00f3metros que se identificaba como DT4. (Fuente: El Independiente).<\/p>\n\n\n\n<p>Hasta el d\u00eda de hoy, sobreponi\u00e9ndose a los nuevos medios de comunicaci\u00f3n, televisi\u00f3n, internet etc. y con el nuevo aire que le inyect\u00f3 la aparici\u00f3n de la frecuencia modulada, <strong>&nbsp;<\/strong>la radio seguir\u00e1 reinando en nuestros hogares y voy a repetir un p\u00e1rrafo que siempre tiene vigencia <em>\u201cla radio es libre, no necesita de prestadores, es gratuita;&nbsp; es el \u00fanico medio de comunicaci\u00f3n que da libertad a los pueblos, es totalmente independiente,&nbsp; puede trasmitir desde cualquier parte del mundo y ser escuchada en todo lugar.<\/em><\/p>\n\n\n\n<p>En el pasado fue en \u00e9xito, en el presente sigue vigente y el futuro lo tiene asegurado.<\/p>\n\n\n\n<p>Fernando Chiodini<br>Blog: <a href=\"http:\/\/www.sanpedrohistorico.blogspot.com\">www.sanpedrohistorico.blogspot.com<\/a><\/p>\n","protected":false},"excerpt":{"rendered":"<p>100 a\u00f1os han pasado de la hist\u00f3rica noche del 27 &nbsp;agosto de 1920 cuando Enrique Tel\u00e9maco Sucini y sus amigos C\u00e9sar Guerrico, Luis Romero Carranza y Miguel Mujica, llevaron a cabo la decisi\u00f3n de realizar una trasmisi\u00f3n publica de la incipiente radiofon\u00eda desde el teatro Coliseo de Buenos Aires en la calle Cerrito y Charcas, [&hellip;]<\/p>\n","protected":false},"author":4,"featured_media":80093,"comment_status":"open","ping_status":"closed","sticky":false,"template":"","format":"standard","meta":{"om_disable_all_campaigns":false,"_jetpack_memberships_contains_paid_content":false,"footnotes":""},"categories":[101,2],"tags":[197,696,33],"class_list":["post-80092","post","type-post","status-publish","format-standard","has-post-thumbnail","hentry","category-interes-general-locales","category-locales","tag-buenos-aires","tag-interes-general","tag-locales"],"aioseo_notices":[],"gutentor_comment":0,"jetpack_featured_media_url":"https:\/\/eldiariodesanpedro.com.ar\/sitio\/wp-content\/uploads\/2020\/08\/l_1598530230.jpg","jetpack_shortlink":"https:\/\/wp.me\/p6RhLt-kPO","jetpack_sharing_enabled":true,"_links":{"self":[{"href":"https:\/\/eldiariodesanpedro.com.ar\/sitio\/wp-json\/wp\/v2\/posts\/80092","targetHints":{"allow":["GET"]}}],"collection":[{"href":"https:\/\/eldiariodesanpedro.com.ar\/sitio\/wp-json\/wp\/v2\/posts"}],"about":[{"href":"https:\/\/eldiariodesanpedro.com.ar\/sitio\/wp-json\/wp\/v2\/types\/post"}],"author":[{"embeddable":true,"href":"https:\/\/eldiariodesanpedro.com.ar\/sitio\/wp-json\/wp\/v2\/users\/4"}],"replies":[{"embeddable":true,"href":"https:\/\/eldiariodesanpedro.com.ar\/sitio\/wp-json\/wp\/v2\/comments?post=80092"}],"version-history":[{"count":1,"href":"https:\/\/eldiariodesanpedro.com.ar\/sitio\/wp-json\/wp\/v2\/posts\/80092\/revisions"}],"predecessor-version":[{"id":80094,"href":"https:\/\/eldiariodesanpedro.com.ar\/sitio\/wp-json\/wp\/v2\/posts\/80092\/revisions\/80094"}],"wp:featuredmedia":[{"embeddable":true,"href":"https:\/\/eldiariodesanpedro.com.ar\/sitio\/wp-json\/wp\/v2\/media\/80093"}],"wp:attachment":[{"href":"https:\/\/eldiariodesanpedro.com.ar\/sitio\/wp-json\/wp\/v2\/media?parent=80092"}],"wp:term":[{"taxonomy":"category","embeddable":true,"href":"https:\/\/eldiariodesanpedro.com.ar\/sitio\/wp-json\/wp\/v2\/categories?post=80092"},{"taxonomy":"post_tag","embeddable":true,"href":"https:\/\/eldiariodesanpedro.com.ar\/sitio\/wp-json\/wp\/v2\/tags?post=80092"}],"curies":[{"name":"wp","href":"https:\/\/api.w.org\/{rel}","templated":true}]}}