{"id":80087,"date":"2020-08-26T20:28:50","date_gmt":"2020-08-26T23:28:50","guid":{"rendered":"https:\/\/eldiariodesanpedro.com.ar\/sitio\/?p=80087"},"modified":"2020-08-26T20:30:29","modified_gmt":"2020-08-26T23:30:29","slug":"los-dos-ciudadanos-chinos-del-supermercado-dieron-negativos","status":"publish","type":"post","link":"https:\/\/eldiariodesanpedro.com.ar\/sitio\/los-dos-ciudadanos-chinos-del-supermercado-dieron-negativos\/","title":{"rendered":"Los dos ciudadanos chinos del supermercado dieron negativos"},"content":{"rendered":"<!-- VideographyWP Plugin Message: Automatic video embedding prevented by plugin options. -->\n\n<p>Entre las muestras recibidas el d\u00eda de hoy por institutos privados se recibieron las muestras realizadas a los ciudadanos chinos Yan, Ping de 21 a\u00f1os y Lin, Minlong de 28 a\u00f1os que son propietarios del supermercado ubicado en calle 11 de Septiembre 900 que afortunadamente dieron negativos.<\/p>\n\n\n\n<p>Recordemos que en la ma\u00f1ana de hoy el equipo de bromatolog\u00eda se hab\u00edan hecho presente en este comercio de capitales chinos tras una denuncia recibida que dos de los propietarios habr\u00edan sido hisopados d\u00edas antes y deber\u00edan estar realizando aislamiento preventivo hasta recibir el resultado pero se encontraban atendiendo con normalidad.<\/p>\n\n\n\n<p>En la noche de hoy recibieron el resultado negativo realizado en la cl\u00ednica Sadiv y la Secretaria de Salud informara si se habilitara o no el comercio tras un desinfecci\u00f3n.<\/p>\n\n\n<a href=\"https:\/\/eldiariodesanpedro.com.ar\/sitio\/wp-content\/uploads\/2020\/08\/YAN-PING.pdf\" class=\"pdfemb-viewer\" style=\"\" data-width=\"max\" data-height=\"max\" data-toolbar=\"bottom\" data-toolbar-fixed=\"off\">YAN-PING<\/a>\n<p class=\"wp-block-pdfemb-pdf-embedder-viewer\"><\/p>\n\n\n<a href=\"https:\/\/eldiariodesanpedro.com.ar\/sitio\/wp-content\/uploads\/2020\/08\/LIN-MINLONG.pdf\" class=\"pdfemb-viewer\" style=\"\" data-width=\"max\" data-height=\"max\" data-toolbar=\"bottom\" data-toolbar-fixed=\"off\">LIN-MINLONG<\/a>\n<p class=\"wp-block-pdfemb-pdf-embedder-viewer\"><\/p>\n\n\n\n<p><\/p>\n","protected":false},"excerpt":{"rendered":"<p>Entre las muestras recibidas el d\u00eda de hoy por institutos privados se recibieron las muestras realizadas a los ciudadanos chinos Yan, Ping de 21 a\u00f1os y Lin, Minlong de 28 a\u00f1os que son propietarios del supermercado ubicado en calle 11 de Septiembre 900 que afortunadamente dieron negativos. Recordemos que en la ma\u00f1ana de hoy el [&hellip;]<\/p>\n","protected":false},"author":4,"featured_media":80040,"comment_status":"open","ping_status":"closed","sticky":false,"template":"","format":"standard","meta":{"om_disable_all_campaigns":false,"_jetpack_memberships_contains_paid_content":false,"footnotes":""},"categories":[50,101,2],"tags":[197,696,33],"class_list":["post-80087","post","type-post","status-publish","format-standard","has-post-thumbnail","hentry","category-destacadas","category-interes-general-locales","category-locales","tag-buenos-aires","tag-interes-general","tag-locales"],"aioseo_notices":[],"gutentor_comment":0,"jetpack_featured_media_url":"https:\/\/eldiariodesanpedro.com.ar\/sitio\/wp-content\/uploads\/2020\/08\/WhatsApp-Image-2020-08-26-at-16.52.23-1.jpeg","jetpack_shortlink":"https:\/\/wp.me\/p6RhLt-kPJ","jetpack_sharing_enabled":true,"_links":{"self":[{"href":"https:\/\/eldiariodesanpedro.com.ar\/sitio\/wp-json\/wp\/v2\/posts\/80087","targetHints":{"allow":["GET"]}}],"collection":[{"href":"https:\/\/eldiariodesanpedro.com.ar\/sitio\/wp-json\/wp\/v2\/posts"}],"about":[{"href":"https:\/\/eldiariodesanpedro.com.ar\/sitio\/wp-json\/wp\/v2\/types\/post"}],"author":[{"embeddable":true,"href":"https:\/\/eldiariodesanpedro.com.ar\/sitio\/wp-json\/wp\/v2\/users\/4"}],"replies":[{"embeddable":true,"href":"https:\/\/eldiariodesanpedro.com.ar\/sitio\/wp-json\/wp\/v2\/comments?post=80087"}],"version-history":[{"count":1,"href":"https:\/\/eldiariodesanpedro.com.ar\/sitio\/wp-json\/wp\/v2\/posts\/80087\/revisions"}],"predecessor-version":[{"id":80090,"href":"https:\/\/eldiariodesanpedro.com.ar\/sitio\/wp-json\/wp\/v2\/posts\/80087\/revisions\/80090"}],"wp:featuredmedia":[{"embeddable":true,"href":"https:\/\/eldiariodesanpedro.com.ar\/sitio\/wp-json\/wp\/v2\/media\/80040"}],"wp:attachment":[{"href":"https:\/\/eldiariodesanpedro.com.ar\/sitio\/wp-json\/wp\/v2\/media?parent=80087"}],"wp:term":[{"taxonomy":"category","embeddable":true,"href":"https:\/\/eldiariodesanpedro.com.ar\/sitio\/wp-json\/wp\/v2\/categories?post=80087"},{"taxonomy":"post_tag","embeddable":true,"href":"https:\/\/eldiariodesanpedro.com.ar\/sitio\/wp-json\/wp\/v2\/tags?post=80087"}],"curies":[{"name":"wp","href":"https:\/\/api.w.org\/{rel}","templated":true}]}}