{"id":80061,"date":"2020-08-26T19:01:15","date_gmt":"2020-08-26T22:01:15","guid":{"rendered":"https:\/\/eldiariodesanpedro.com.ar\/sitio\/?p=80061"},"modified":"2020-08-26T19:03:39","modified_gmt":"2020-08-26T22:03:39","slug":"principio-de-incendio-por-una-explosion-de-una-notebook","status":"publish","type":"post","link":"https:\/\/eldiariodesanpedro.com.ar\/sitio\/principio-de-incendio-por-una-explosion-de-una-notebook\/","title":{"rendered":"Principio de incendio por una explosi\u00f3n de una notebook"},"content":{"rendered":"<!-- VideographyWP Plugin Message: Automatic video embedding prevented by plugin options. -->\n\n<p>En la tarde noche de este mi\u00e9rcoles una dotaci\u00f3n de Bomberos se hizo presente en un edificio ubicado en zona c\u00e9ntrica.<\/p>\n\n\n\n<p>El hecho ocurri\u00f3 pasadas las 18 hs en un departamento ubicado en el cuarto piso de un edificio ubicado en calle 3 de Febrero al 100 donde se hicieron presentes una dotaci\u00f3n de Bomberos Voluntarios a cargo de Hector Keudell.<\/p>\n\n\n\n<p>Seg\u00fan relato el encargado de bomberos el fuego se inicio con la explosi\u00f3n de una notebook y provocando da\u00f1os materiales menores.<\/p>\n\n\n\n<p>En el lugar tambi\u00e9n se hizo presente una ambulancia del SAME para asistir a una mujer que se encontraba dentro del departamento pero no fue necesario ya que se encontraba en perfecto estado.<\/p>\n\n\n\n<figure class=\"wp-block-embed-facebook wp-block-embed is-type-rich is-provider-facebook\"><div class=\"wp-block-embed__wrapper\">\n<div class=\"fb-post\" data-href=\"https:\/\/www.facebook.com\/eldiario.desanpedro\/posts\/1362248577317611\" data-width=\"552\" style=\"background-color: #fff; display: inline-block;\"><\/div>\n<\/div><\/figure>\n","protected":false},"excerpt":{"rendered":"<p>En la tarde noche de este mi\u00e9rcoles una dotaci\u00f3n de Bomberos se hizo presente en un edificio ubicado en zona c\u00e9ntrica. El hecho ocurri\u00f3 pasadas las 18 hs en un departamento ubicado en el cuarto piso de un edificio ubicado en calle 3 de Febrero al 100 donde se hicieron presentes una dotaci\u00f3n de Bomberos [&hellip;]<\/p>\n","protected":false},"author":4,"featured_media":80063,"comment_status":"open","ping_status":"closed","sticky":false,"template":"","format":"standard","meta":{"om_disable_all_campaigns":false,"_jetpack_memberships_contains_paid_content":false,"footnotes":""},"categories":[50,2,103],"tags":[197,696,33],"class_list":["post-80061","post","type-post","status-publish","format-standard","has-post-thumbnail","hentry","category-destacadas","category-locales","category-policiales-locales","tag-buenos-aires","tag-interes-general","tag-locales"],"aioseo_notices":[],"gutentor_comment":0,"jetpack_featured_media_url":"https:\/\/eldiariodesanpedro.com.ar\/sitio\/wp-content\/uploads\/2020\/08\/118258570_1362248153984320_7836475764881272757_o-e1598479120200.jpg","jetpack_shortlink":"https:\/\/wp.me\/p6RhLt-kPj","jetpack_sharing_enabled":true,"_links":{"self":[{"href":"https:\/\/eldiariodesanpedro.com.ar\/sitio\/wp-json\/wp\/v2\/posts\/80061","targetHints":{"allow":["GET"]}}],"collection":[{"href":"https:\/\/eldiariodesanpedro.com.ar\/sitio\/wp-json\/wp\/v2\/posts"}],"about":[{"href":"https:\/\/eldiariodesanpedro.com.ar\/sitio\/wp-json\/wp\/v2\/types\/post"}],"author":[{"embeddable":true,"href":"https:\/\/eldiariodesanpedro.com.ar\/sitio\/wp-json\/wp\/v2\/users\/4"}],"replies":[{"embeddable":true,"href":"https:\/\/eldiariodesanpedro.com.ar\/sitio\/wp-json\/wp\/v2\/comments?post=80061"}],"version-history":[{"count":2,"href":"https:\/\/eldiariodesanpedro.com.ar\/sitio\/wp-json\/wp\/v2\/posts\/80061\/revisions"}],"predecessor-version":[{"id":80069,"href":"https:\/\/eldiariodesanpedro.com.ar\/sitio\/wp-json\/wp\/v2\/posts\/80061\/revisions\/80069"}],"wp:featuredmedia":[{"embeddable":true,"href":"https:\/\/eldiariodesanpedro.com.ar\/sitio\/wp-json\/wp\/v2\/media\/80063"}],"wp:attachment":[{"href":"https:\/\/eldiariodesanpedro.com.ar\/sitio\/wp-json\/wp\/v2\/media?parent=80061"}],"wp:term":[{"taxonomy":"category","embeddable":true,"href":"https:\/\/eldiariodesanpedro.com.ar\/sitio\/wp-json\/wp\/v2\/categories?post=80061"},{"taxonomy":"post_tag","embeddable":true,"href":"https:\/\/eldiariodesanpedro.com.ar\/sitio\/wp-json\/wp\/v2\/tags?post=80061"}],"curies":[{"name":"wp","href":"https:\/\/api.w.org\/{rel}","templated":true}]}}