{"id":80039,"date":"2020-08-26T17:18:21","date_gmt":"2020-08-26T20:18:21","guid":{"rendered":"https:\/\/eldiariodesanpedro.com.ar\/sitio\/?p=80039"},"modified":"2020-08-26T20:30:39","modified_gmt":"2020-08-26T23:30:39","slug":"empleados-de-supermercado-fueron-hisopados-deberian-estar-aislados-y-siguieron-trabajando-igual","status":"publish","type":"post","link":"https:\/\/eldiariodesanpedro.com.ar\/sitio\/empleados-de-supermercado-fueron-hisopados-deberian-estar-aislados-y-siguieron-trabajando-igual\/","title":{"rendered":"Empleados de supermercado fueron hisopados, deber\u00edan estar aislados y siguieron trabajando igual"},"content":{"rendered":"<!-- VideographyWP Plugin Message: Automatic video embedding prevented by plugin options. -->\n\n<p>En la jornada de hoy mi\u00e9rcoles el personal de bromatolog\u00eda de la municipalidad de hizo presente en en un supermercado de capitales chinos ubicado en Av. 11 de Septiembre al 900 para realizar la correspondiente clausura debido a que dos de los empleados orientales hab\u00edan sido hisopados d\u00edas atr\u00e1s y a pesar de recibir la orden de permanecer aislados hicieron caso omiso.<\/p>\n\n\n\n<p>A trav\u00e9s de una denuncia telef\u00f3nica se pudo constatar que dos personas de origen extranjeros que hab\u00edan sido hisopados este martes por presentar s\u00edntomas compatibles con coronavirus siguieron desarrollando su trabajo con normalidad, por lo que se hicieron presente personal de bromatolog\u00eda y se la Secretar\u00eda de Salud.<\/p>\n\n\n\n<p>Se clausur\u00f3 el comercio, fue desinfectado y otros tres empleados de nacionalidad argentina, una femenina y dos masculinos, fueron puestos en aislamiento preventivo.<\/p>\n\n\n\n<p>A\u00fan se espera el resultado de los hisopados.<\/p>\n\n\n\n<figure class=\"wp-block-image size-large\"><img decoding=\"async\" width=\"1024\" height=\"682\" data-attachment-id=\"80042\" data-permalink=\"https:\/\/eldiariodesanpedro.com.ar\/sitio\/empleados-de-supermercado-fueron-hisopados-deberian-estar-aislados-y-siguieron-trabajando-igual\/whatsapp-image-2020-08-26-at-16-52-23\/\" data-orig-file=\"https:\/\/eldiariodesanpedro.com.ar\/sitio\/wp-content\/uploads\/2020\/08\/WhatsApp-Image-2020-08-26-at-16.52.23.jpeg\" data-orig-size=\"1280,853\" data-comments-opened=\"1\" data-image-meta=\"{&quot;aperture&quot;:&quot;0&quot;,&quot;credit&quot;:&quot;&quot;,&quot;camera&quot;:&quot;&quot;,&quot;caption&quot;:&quot;&quot;,&quot;created_timestamp&quot;:&quot;0&quot;,&quot;copyright&quot;:&quot;&quot;,&quot;focal_length&quot;:&quot;0&quot;,&quot;iso&quot;:&quot;0&quot;,&quot;shutter_speed&quot;:&quot;0&quot;,&quot;title&quot;:&quot;&quot;,&quot;orientation&quot;:&quot;0&quot;}\" data-image-title=\"WhatsApp Image 2020-08-26 at 16.52.23\" data-image-description=\"\" data-image-caption=\"\" data-large-file=\"https:\/\/eldiariodesanpedro.com.ar\/sitio\/wp-content\/uploads\/2020\/08\/WhatsApp-Image-2020-08-26-at-16.52.23-1024x682.jpeg\" data-src=\"https:\/\/eldiariodesanpedro.com.ar\/sitio\/wp-content\/uploads\/2020\/08\/WhatsApp-Image-2020-08-26-at-16.52.23-1024x682.jpeg\" alt=\"\" class=\"wp-image-80042 lazyload\" data-srcset=\"https:\/\/eldiariodesanpedro.com.ar\/sitio\/wp-content\/uploads\/2020\/08\/WhatsApp-Image-2020-08-26-at-16.52.23-1024x682.jpeg 1024w, https:\/\/eldiariodesanpedro.com.ar\/sitio\/wp-content\/uploads\/2020\/08\/WhatsApp-Image-2020-08-26-at-16.52.23-300x200.jpeg 300w, https:\/\/eldiariodesanpedro.com.ar\/sitio\/wp-content\/uploads\/2020\/08\/WhatsApp-Image-2020-08-26-at-16.52.23-768x512.jpeg 768w, https:\/\/eldiariodesanpedro.com.ar\/sitio\/wp-content\/uploads\/2020\/08\/WhatsApp-Image-2020-08-26-at-16.52.23.jpeg 1280w\" data-sizes=\"(max-width: 1024px) 100vw, 1024px\" src=\"data:image\/svg+xml;base64,PHN2ZyB3aWR0aD0iMSIgaGVpZ2h0PSIxIiB4bWxucz0iaHR0cDovL3d3dy53My5vcmcvMjAwMC9zdmciPjwvc3ZnPg==\" style=\"--smush-placeholder-width: 1024px; --smush-placeholder-aspect-ratio: 1024\/682;\" \/><\/figure>\n","protected":false},"excerpt":{"rendered":"<p>En la jornada de hoy mi\u00e9rcoles el personal de bromatolog\u00eda de la municipalidad de hizo presente en en un supermercado de capitales chinos ubicado en Av. 11 de Septiembre al 900 para realizar la correspondiente clausura debido a que dos de los empleados orientales hab\u00edan sido hisopados d\u00edas atr\u00e1s y a pesar de recibir la [&hellip;]<\/p>\n","protected":false},"author":4,"featured_media":80041,"comment_status":"open","ping_status":"closed","sticky":false,"template":"","format":"standard","meta":{"om_disable_all_campaigns":false,"_jetpack_memberships_contains_paid_content":false,"footnotes":""},"categories":[101,2],"tags":[197,696,33],"class_list":["post-80039","post","type-post","status-publish","format-standard","has-post-thumbnail","hentry","category-interes-general-locales","category-locales","tag-buenos-aires","tag-interes-general","tag-locales"],"aioseo_notices":[],"gutentor_comment":0,"jetpack_featured_media_url":"https:\/\/eldiariodesanpedro.com.ar\/sitio\/wp-content\/uploads\/2020\/08\/WhatsApp-Image-2020-08-26-at-16.52.23-2.jpeg","jetpack_shortlink":"https:\/\/wp.me\/p6RhLt-kOX","jetpack_sharing_enabled":true,"_links":{"self":[{"href":"https:\/\/eldiariodesanpedro.com.ar\/sitio\/wp-json\/wp\/v2\/posts\/80039","targetHints":{"allow":["GET"]}}],"collection":[{"href":"https:\/\/eldiariodesanpedro.com.ar\/sitio\/wp-json\/wp\/v2\/posts"}],"about":[{"href":"https:\/\/eldiariodesanpedro.com.ar\/sitio\/wp-json\/wp\/v2\/types\/post"}],"author":[{"embeddable":true,"href":"https:\/\/eldiariodesanpedro.com.ar\/sitio\/wp-json\/wp\/v2\/users\/4"}],"replies":[{"embeddable":true,"href":"https:\/\/eldiariodesanpedro.com.ar\/sitio\/wp-json\/wp\/v2\/comments?post=80039"}],"version-history":[{"count":2,"href":"https:\/\/eldiariodesanpedro.com.ar\/sitio\/wp-json\/wp\/v2\/posts\/80039\/revisions"}],"predecessor-version":[{"id":80058,"href":"https:\/\/eldiariodesanpedro.com.ar\/sitio\/wp-json\/wp\/v2\/posts\/80039\/revisions\/80058"}],"wp:featuredmedia":[{"embeddable":true,"href":"https:\/\/eldiariodesanpedro.com.ar\/sitio\/wp-json\/wp\/v2\/media\/80041"}],"wp:attachment":[{"href":"https:\/\/eldiariodesanpedro.com.ar\/sitio\/wp-json\/wp\/v2\/media?parent=80039"}],"wp:term":[{"taxonomy":"category","embeddable":true,"href":"https:\/\/eldiariodesanpedro.com.ar\/sitio\/wp-json\/wp\/v2\/categories?post=80039"},{"taxonomy":"post_tag","embeddable":true,"href":"https:\/\/eldiariodesanpedro.com.ar\/sitio\/wp-json\/wp\/v2\/tags?post=80039"}],"curies":[{"name":"wp","href":"https:\/\/api.w.org\/{rel}","templated":true}]}}