{"id":80017,"date":"2020-08-26T12:13:31","date_gmt":"2020-08-26T15:13:31","guid":{"rendered":"https:\/\/eldiariodesanpedro.com.ar\/sitio\/?p=80017"},"modified":"2020-08-26T12:13:35","modified_gmt":"2020-08-26T15:13:35","slug":"presentacion-del-proyecto-playa-en-vuelta-de-obligado","status":"publish","type":"post","link":"https:\/\/eldiariodesanpedro.com.ar\/sitio\/presentacion-del-proyecto-playa-en-vuelta-de-obligado\/","title":{"rendered":"Presentaci\u00f3n del Proyecto \u00abPlaya en Vuelta de Obligado\u00bb"},"content":{"rendered":"<!-- VideographyWP Plugin Message: Automatic video embedding prevented by plugin options. -->\n\n<p>En la jornada de hoy por la ma\u00f1ana se realizo la presentaci\u00f3n en conferencia de prensa de la \u00abNueva playa publica de Vuelta de Obligado\u00bb con la presencia del Intendente Cecilio Salazar, Marcela Cu\u00f1er Directora de Turismo, Ariel Alvarez Secretario de Obras Publicas, Hugo Borda el Delgado de la localidad   y el Ingeniero Agust\u00edn Vaca.  <\/p>\n\n\n\n<p>Salazar se refiri\u00f3 a la obra \u00bb hace mas o menos 3 meses tomamos la decisi\u00f3n de comenzar estas obras  y claramente hace dos se comenzaron los trabajos. Esta playa la ten\u00edamos en mente hace dos a\u00f1os y por diferentes motivos no lo pudimos llevar a cabo, hoy la decisi\u00f3n ya esta tomada y la obra estar\u00e1 finalizada para el pr\u00f3ximo verano a pesar de que all\u00e1 voces en contra de este proyecto tan necesario para la reactivaci\u00f3n tur\u00edstica y la ciudadan\u00eda de San Pedro\u00bb.<\/p>\n\n\n\n<p>El intendente se refiri\u00f3 a los dichos de organizaciones que aseguran que estar\u00edan derruyendo parte de las plantas aut\u00f3ctonas \u00abMas all\u00e1 de que algunos dicen que en el lugar hab\u00eda plantas aut\u00f3ctonas es por que no conocen el lugar, eso era un yuyal, de hecho nuestra decisi\u00f3n es no tocar ning\u00fan tipo de planta aut\u00f3ctona perteneciente a la reserva natural por que estar\u00edamos cometiendo un delito, por eso es que estamos completamente convencidos de que no estamos haciendo esta todo dentro de lo permitido\u00bb.<\/p>\n\n\n\n<p>\u00abLo que queremos con este proyecto es poder reactivar la econom\u00eda de la zona ya que gracias a la playa trabajaran tambi\u00e9n bares, restaurantes y comercios de la localidad, d\u00e1ndole un valor independientemente del valor hist\u00f3rico que tiene por la Batalla de Obligado\u00bb.<\/p>\n\n\n\n<p>Para finalizar se refiri\u00f3 \u00abLa pandemia obviamente nos preocupa y ocupa, pero se est\u00e1n desarrollando y habilitando muchas actividades, por que sabemos que tenemos que aprehender a convivir con este virus.  Por eso es que decidimos no quedarnos paralizados en el tiempo y sin reacci\u00f3n, por eso seguiremos reactivando de a poco la econom\u00eda.<\/p>\n\n\n\n<p>Vaca es el Ingeniero encargado de la obra quien explico con que contara la playa en esta primera etapa: \u00abLa idea consiste en un espacio dentro de la localidad que a su vez tendr\u00e1 diferente sectores, lo mas importante sera la playa sobre la costa del ri\u00f3 con una superficie de 150 mts todo de arena,  un espacio verde que no tendr\u00e1 arboles y esta hecho solo de c\u00e9sped, otro sector verde donde tendr\u00e1 arboles a para realizar actividades a la sombra y otra  ubicaci\u00f3n donde tendr\u00e1 cancha de f\u00fatbol, voley entre otros deportes\u00bb. agrego \u00abSe plantara 160 arboles aut\u00f3ctonos de la zona y en el camino de ingreso se realizaran espacios destinado a el estacionamiento de veh\u00edculos. La parte donde bajan los pescadores era modificado y se mejorara el canal que usan para salir con sus lanchas\u00bb.<\/p>\n\n\n\n<p><\/p>\n","protected":false},"excerpt":{"rendered":"<p>En la jornada de hoy por la ma\u00f1ana se realizo la presentaci\u00f3n en conferencia de prensa de la \u00abNueva playa publica de Vuelta de Obligado\u00bb con la presencia del Intendente Cecilio Salazar, Marcela Cu\u00f1er Directora de Turismo, Ariel Alvarez Secretario de Obras Publicas, Hugo Borda el Delgado de la localidad y el Ingeniero Agust\u00edn Vaca. [&hellip;]<\/p>\n","protected":false},"author":4,"featured_media":80018,"comment_status":"open","ping_status":"closed","sticky":false,"template":"","format":"standard","meta":{"om_disable_all_campaigns":false,"_jetpack_memberships_contains_paid_content":false,"footnotes":""},"categories":[50,101,2],"tags":[197,696,33],"class_list":["post-80017","post","type-post","status-publish","format-standard","has-post-thumbnail","hentry","category-destacadas","category-interes-general-locales","category-locales","tag-buenos-aires","tag-interes-general","tag-locales"],"aioseo_notices":[],"gutentor_comment":0,"jetpack_featured_media_url":"https:\/\/eldiariodesanpedro.com.ar\/sitio\/wp-content\/uploads\/2020\/08\/118537255_1360613670814435_3983280930197493023_o.jpg","jetpack_shortlink":"https:\/\/wp.me\/p6RhLt-kOB","jetpack_sharing_enabled":true,"_links":{"self":[{"href":"https:\/\/eldiariodesanpedro.com.ar\/sitio\/wp-json\/wp\/v2\/posts\/80017","targetHints":{"allow":["GET"]}}],"collection":[{"href":"https:\/\/eldiariodesanpedro.com.ar\/sitio\/wp-json\/wp\/v2\/posts"}],"about":[{"href":"https:\/\/eldiariodesanpedro.com.ar\/sitio\/wp-json\/wp\/v2\/types\/post"}],"author":[{"embeddable":true,"href":"https:\/\/eldiariodesanpedro.com.ar\/sitio\/wp-json\/wp\/v2\/users\/4"}],"replies":[{"embeddable":true,"href":"https:\/\/eldiariodesanpedro.com.ar\/sitio\/wp-json\/wp\/v2\/comments?post=80017"}],"version-history":[{"count":1,"href":"https:\/\/eldiariodesanpedro.com.ar\/sitio\/wp-json\/wp\/v2\/posts\/80017\/revisions"}],"predecessor-version":[{"id":80019,"href":"https:\/\/eldiariodesanpedro.com.ar\/sitio\/wp-json\/wp\/v2\/posts\/80017\/revisions\/80019"}],"wp:featuredmedia":[{"embeddable":true,"href":"https:\/\/eldiariodesanpedro.com.ar\/sitio\/wp-json\/wp\/v2\/media\/80018"}],"wp:attachment":[{"href":"https:\/\/eldiariodesanpedro.com.ar\/sitio\/wp-json\/wp\/v2\/media?parent=80017"}],"wp:term":[{"taxonomy":"category","embeddable":true,"href":"https:\/\/eldiariodesanpedro.com.ar\/sitio\/wp-json\/wp\/v2\/categories?post=80017"},{"taxonomy":"post_tag","embeddable":true,"href":"https:\/\/eldiariodesanpedro.com.ar\/sitio\/wp-json\/wp\/v2\/tags?post=80017"}],"curies":[{"name":"wp","href":"https:\/\/api.w.org\/{rel}","templated":true}]}}