{"id":80014,"date":"2020-08-26T11:01:52","date_gmt":"2020-08-26T14:01:52","guid":{"rendered":"https:\/\/eldiariodesanpedro.com.ar\/sitio\/?p=80014"},"modified":"2020-08-26T11:01:56","modified_gmt":"2020-08-26T14:01:56","slug":"cecilio-salazar-recibo-400-mensajes-diarios-de-los-vecinos-y-los-contesto-todos","status":"publish","type":"post","link":"https:\/\/eldiariodesanpedro.com.ar\/sitio\/cecilio-salazar-recibo-400-mensajes-diarios-de-los-vecinos-y-los-contesto-todos\/","title":{"rendered":"Cecilio Salazar: \u201cRecibo 400 mensajes diarios de los vecinos y los contesto todos\u201d"},"content":{"rendered":"<!-- VideographyWP Plugin Message: Automatic video embedding prevented by plugin options. -->\n\n<p>El intendente Cecilio Salazar dialogo con el medio de comunicaci\u00f3n de <strong>noticiasd<\/strong> donde explico la situaci\u00f3n de nuestra ciudad en este proceso de la pandemia.<\/p>\n\n\n\n<p>Tras ser reelecto hace ocho meses, el intendente de San Pedro habl\u00f3 de c\u00f3mo enfrenta la pandemia su distrito y destac\u00f3 el trabajo conjunto con el Gobierno bonaerense y otros municipios independientes.<br>Tras un largo recorrido en la defensa de los trabajadores rurales,\u00a0<strong>Cecilio Salazar<\/strong>\u00a0lleg\u00f3 a ser intendente de<strong>\u00a0San Pedro\u00a0<\/strong>en 2015 y le cambi\u00f3 la cara a la ciudad. Proviene de una familia de cinco hermanos, empez\u00f3 a trabajar a los 15 a\u00f1os en las plantaciones de naranjas y a los 18 entr\u00f3 a la<strong>\u00a0Uni\u00f3n Argentina de Trabajadores Rurales y Estibadores<\/strong>\u00a0(UATRE), de la que contin\u00faa siendo Secretario General a nivel local, hoy bajo licencia.<br>En el 2015 asumi\u00f3 la intendencia en medio de una situaci\u00f3n complicada. \u201cHab\u00eda una deuda enorme y una ciudad destruida. No hab\u00edan arreglado ni una calle en cuatro a\u00f1os y el municipio estaba tomado por los trabajadores, porque se les adeudaban salarios. Nosotros hicimos una tarea importante y a partir de ah\u00ed nunca hubo un paro, todos cobraron en tiempo y forma, pavimentamos m\u00e1s de 600 cuadras y llevamos servicios donde antes no hab\u00eda\u201d, explic\u00f3 Salazar en di\u00e1logo con\u00a0<em>Noticias d<\/em>.<br>\u201cNos quedan alrededor de 300 cuadras para reparar en este mandato y estamos teniendo una excelente relaci\u00f3n con el Gobierno Nacional y Provincial para atraer m\u00e1s obras\u201d, afirm\u00f3 el Intendente y aclar\u00f3 que ven\u00edan teniendo muchas diferencias con el gobierno anterior.<br>\u201cNo nos dieron el lugar que San Pedro merece por la tarea que realizamos. Este a\u00f1o hubo 109 municipios que no pod\u00edan pagar sueldos y ni uno de Cambiemos llam\u00f3 para preguntarme si necesitaba ayuda. As\u00ed que conformamos un grupo de siete intendentes, del Partido Fe y otros vecinalistas independientes y tuvimos una reuni\u00f3n con\u00a0<strong>Axel Kicillof.<\/strong>\u00a0El Gobernador nos dio una mano sin pedirnos nada y eso para nosotros es muy importante porque nos permite tener una relaci\u00f3n sincera\u201d, explic\u00f3.<br>La conexi\u00f3n con la jefatura provincial es cotidiana y apunta a mejoras en la infraestructura sampedrina: \u201cLa semana pasada tuvimos una videoconferencia con el Gobernador y con Agust\u00edn Simone (Ministro de Infraestructura de la Provincia), donde estuvimos intercambiando opiniones los siete intendentes. Estamos elaborando proyectos de obras para arreglo de calles, cloacas, pavimentaci\u00f3n y vivienda\u201d, declar\u00f3 Salazar.<\/p>\n\n\n\n<h5 class=\"wp-block-heading\"><strong>Preparando la nueva normalidad<\/strong><\/h5>\n\n\n\n<p>En medio del combate contra la pandemia del Covid-19, la ciudad de San Pedro se encuentra en\u00a0<strong>fase 4<\/strong>. Tras un mes y medio sin contagios, hubo un brote y hoy tiene unos 300 casos activos, habiendo lamentado doce fallecimientos de personas mayores y con enfermedades preexistentes. En ese sentido, Salazar explic\u00f3 que la\u00a0<strong>cercan\u00eda al AMBA<\/strong>\u00a0y los\u00a0<strong>focos de infecci\u00f3n en las ciudades cercanas<\/strong>\u00a0hicieron que no se pudiera evitar la entrada del virus: \u201cNuestro Secretario de Salud nos advert\u00eda de que iba ser imposible que fu\u00e9ramos a salir indemnes. Ac\u00e1 viaja mucha gente a trabajar afuera de la ciudad y tuvimos un rebrote muy importante como ocho o diez d\u00edas despu\u00e9s del d\u00eda del amigo\u201d.<br>Sin embargo, el jefe comunal remarc\u00f3 que en estos momentos, hay que seguir las instrucciones del presidente\u00a0<strong>Alberto Fern\u00e1ndez<\/strong>. \u201cDebemos recurrir a la\u00a0<strong>responsabilidad social,<\/strong>\u00a0no hay otra vacuna en este momento. Tendremos que aprender a convivir con el virus, a cuidarnos cada uno con los elementos necesarios\u201d. Tambi\u00e9n resalt\u00f3 la tarea del\u00a0<strong>cuerpo m\u00e9dico\u00a0<\/strong>que \u201cest\u00e1 trabajando much\u00edsimo\u201d y al que se le han volcado recursos que recibieron del gobierno provincial.<br>\u201cEstamos esperando poder liberar los deportes individuales recreativos. Tenemos una costanera de dos kil\u00f3metros y medio donde la gente puede desarrollar actividades, y los clubes de la costa en los que se realizan deportes individuales no competitivos y pr\u00e1cticamente no hay posibilidad de contagio\u201d, cont\u00f3 Salazar.<br>En cuanto a la econom\u00eda, luego de las medidas de aislamiento social, la ciudad fue habilitando los comercios minoristas y luego gastron\u00f3micos, pero seg\u00fan el Intendente, la situaci\u00f3n ya ven\u00eda complicada desde antes: \u201cHab\u00eda mucha gente que no pod\u00eda pagar los servicios, yo era parte de eso, y criticamos muchas veces. Con los aumentos de los servicios y obviamente con esto de la pandemia, la situaci\u00f3n se ha agravado. Hoy no hay una explosi\u00f3n de consumo, pero permite que por lo menos la gente pueda abrir\u201d.<br>Adem\u00e1s inform\u00f3: \u201cAqu\u00ed hay mucho trabajo de mano de obra intensiva, la naranja, batata, durazno, viveros. En los viveros, por ejemplo, trabajan m\u00e1s de 1.100 personas. Y<strong>\u00a0el trabajador rural es esencial desde el principio.<\/strong>\u00a0Pero el problema fue que demoraran la habilitaci\u00f3n para comercializar las plantas porque quedaban muchos trabajadores fuera del sistema laboral\u201d, inform\u00f3 el Intendente.<\/p>\n\n\n\n<h5 class=\"wp-block-heading\"><strong>El turismo en crecimiento<\/strong><\/h5>\n\n\n\n<p>Otra de las actividades que m\u00e1s creci\u00f3 en la localidad fue el turismo: \u201cYa estamos elaborando el protocolo para los hoteles y para el polo gastron\u00f3mico de la costanera\u201d, cont\u00f3 Salazar y se lament\u00f3 por las celebraciones locales que no podr\u00e1n realizar, como la\u00a0<strong>Fiesta Nacional de la Ensaimada<\/strong>, la del\u00a0<strong>Durazno\u00a0<\/strong>y de la<strong>\u00a0Naranja<\/strong>, que congregan a miles de personas. \u201cSan Pedro es el lugar donde nac\u00ed y por eso la quiero tanto y trabajo para poder salir de esta situaci\u00f3n lo antes posible. Estamos con mucha expectativa luego del anuncio del Presidente Fern\u00e1ndez sobre la fabricaci\u00f3n de la vacuna para el primer trimestre del a\u00f1o que viene, conf\u00edo mucho en este gobierno\u201d, dijo el mandatario municipal.<br>Una de las fiestas que se suspendi\u00f3 por el coronavirus fue el Festival de m\u00fasica country, que en 2019 llev\u00f3 a 50 mil personas a tierras sampedrinas. \u201cEs un l\u00e1stima, viene gente de todo el pa\u00eds y del mundo. Hab\u00eda confirmadas m\u00e1s de 90 bandas porque ahora iban a ser cuatro d\u00edas, y arreglamos el paseo p\u00fablico especialmente para ese evento\u201d. El evento revoluciona la localidad y\u00a0<strong>se lleva a cabo desde hace 17 a\u00f1os<\/strong>\u00a0sin ning\u00fan tipo de incidentes. \u201cEs una fiesta fant\u00e1stica. En el centro cultural que inauguramos, abrimos la escuela de baile country para que los sampedrinos se incorporen porque en general la ve\u00edan de afuera y ahora los j\u00f3venes se est\u00e1n enganchando\u201d, coment\u00f3 Salazar.<br>\u201cSoy optimista y tengo un gran equipo de trabajo, eso me lo ense\u00f1\u00f3 el gremio. Quedan tareas pendientes, pero m\u00e1s all\u00e1 de la crisis que vivimos tenemos que saber que si nos ponemos juntos podemos hacer millones de cosas\u201d, expres\u00f3 el Intendente, que\u00a0<strong>camina d\u00eda a d\u00eda por la ciudad<\/strong>\u00a0y est\u00e1 al tanto de todo lo que sucede a nivel municipal. \u201cA la noche cuando vuelvo a casa, como todo el mundo tiene mi tel\u00e9fono aqu\u00ed, recibo m\u00e1s de 400 mensajes todos los d\u00edas. Y aunque parezca mentira,\u00a0<strong>los contesto todos,<\/strong>\u00a0quiz\u00e1s son las 12 de la noche y yo sigo resolviendo problemas\u201d.<\/p>\n\n\n\n<p>Fuente: <a href=\"https:\/\/www.noticiasd.com\/secciones\/politica\/cecilio-salazar-recibo-400-mensajes-diarios-de-los-vecinos-y-los-contesto-todos\/?fbclid=IwAR0RF5xikK82peiJlZIoa3-2SfUOXId6cTezMSNF5cK_ftAt1hD7NkUwpho\">Noticias D<\/a><\/p>\n","protected":false},"excerpt":{"rendered":"<p>El intendente Cecilio Salazar dialogo con el medio de comunicaci\u00f3n de noticiasd donde explico la situaci\u00f3n de nuestra ciudad en este proceso de la pandemia. Tras ser reelecto hace ocho meses, el intendente de San Pedro habl\u00f3 de c\u00f3mo enfrenta la pandemia su distrito y destac\u00f3 el trabajo conjunto con el Gobierno bonaerense y otros [&hellip;]<\/p>\n","protected":false},"author":4,"featured_media":80015,"comment_status":"open","ping_status":"closed","sticky":false,"template":"","format":"standard","meta":{"om_disable_all_campaigns":false,"_jetpack_memberships_contains_paid_content":false,"footnotes":""},"categories":[101,2],"tags":[197,696,33],"class_list":["post-80014","post","type-post","status-publish","format-standard","has-post-thumbnail","hentry","category-interes-general-locales","category-locales","tag-buenos-aires","tag-interes-general","tag-locales"],"aioseo_notices":[],"gutentor_comment":0,"jetpack_featured_media_url":"https:\/\/eldiariodesanpedro.com.ar\/sitio\/wp-content\/uploads\/2020\/08\/Salazar-hablando-1-1650x660-1.jpg","jetpack_shortlink":"https:\/\/wp.me\/p6RhLt-kOy","jetpack_sharing_enabled":true,"_links":{"self":[{"href":"https:\/\/eldiariodesanpedro.com.ar\/sitio\/wp-json\/wp\/v2\/posts\/80014","targetHints":{"allow":["GET"]}}],"collection":[{"href":"https:\/\/eldiariodesanpedro.com.ar\/sitio\/wp-json\/wp\/v2\/posts"}],"about":[{"href":"https:\/\/eldiariodesanpedro.com.ar\/sitio\/wp-json\/wp\/v2\/types\/post"}],"author":[{"embeddable":true,"href":"https:\/\/eldiariodesanpedro.com.ar\/sitio\/wp-json\/wp\/v2\/users\/4"}],"replies":[{"embeddable":true,"href":"https:\/\/eldiariodesanpedro.com.ar\/sitio\/wp-json\/wp\/v2\/comments?post=80014"}],"version-history":[{"count":1,"href":"https:\/\/eldiariodesanpedro.com.ar\/sitio\/wp-json\/wp\/v2\/posts\/80014\/revisions"}],"predecessor-version":[{"id":80016,"href":"https:\/\/eldiariodesanpedro.com.ar\/sitio\/wp-json\/wp\/v2\/posts\/80014\/revisions\/80016"}],"wp:featuredmedia":[{"embeddable":true,"href":"https:\/\/eldiariodesanpedro.com.ar\/sitio\/wp-json\/wp\/v2\/media\/80015"}],"wp:attachment":[{"href":"https:\/\/eldiariodesanpedro.com.ar\/sitio\/wp-json\/wp\/v2\/media?parent=80014"}],"wp:term":[{"taxonomy":"category","embeddable":true,"href":"https:\/\/eldiariodesanpedro.com.ar\/sitio\/wp-json\/wp\/v2\/categories?post=80014"},{"taxonomy":"post_tag","embeddable":true,"href":"https:\/\/eldiariodesanpedro.com.ar\/sitio\/wp-json\/wp\/v2\/tags?post=80014"}],"curies":[{"name":"wp","href":"https:\/\/api.w.org\/{rel}","templated":true}]}}