{"id":80008,"date":"2020-08-26T10:31:10","date_gmt":"2020-08-26T13:31:10","guid":{"rendered":"https:\/\/eldiariodesanpedro.com.ar\/sitio\/?p=80008"},"modified":"2020-08-26T10:31:11","modified_gmt":"2020-08-26T13:31:11","slug":"una-mujer-denuncio-el-robo-de-una-garrafa","status":"publish","type":"post","link":"https:\/\/eldiariodesanpedro.com.ar\/sitio\/una-mujer-denuncio-el-robo-de-una-garrafa\/","title":{"rendered":"Una mujer denuncio el robo de una garrafa"},"content":{"rendered":"<!-- VideographyWP Plugin Message: Automatic video embedding prevented by plugin options. -->\n\n<p>Este martes se recibi\u00f3 en la comisar\u00eda local una denuncia por parte de una mujer de 24 a\u00f1os que siendo las 20 hs deja su vivienda de calle Combate Obligado al 200, regresando al lugar siendo las 21 hs constatando el faltante de una garrafa de 10 kg.&nbsp;<\/p>\n\n\n\n<p>Se investiga con intervenci\u00f3n de la fiscal\u00eda en turno local&nbsp;<\/p>\n","protected":false},"excerpt":{"rendered":"<p>Este martes se recibi\u00f3 en la comisar\u00eda local una denuncia por parte de una mujer de 24 a\u00f1os que siendo las 20 hs deja su vivienda de calle Combate Obligado al 200, regresando al lugar siendo las 21 hs constatando el faltante de una garrafa de 10 kg.&nbsp; Se investiga con intervenci\u00f3n de la fiscal\u00eda [&hellip;]<\/p>\n","protected":false},"author":4,"featured_media":76092,"comment_status":"open","ping_status":"closed","sticky":false,"template":"","format":"standard","meta":{"om_disable_all_campaigns":false,"_jetpack_memberships_contains_paid_content":false,"footnotes":""},"categories":[2,103],"tags":[197,33,95],"class_list":["post-80008","post","type-post","status-publish","format-standard","has-post-thumbnail","hentry","category-locales","category-policiales-locales","tag-buenos-aires","tag-locales","tag-policiales"],"aioseo_notices":[],"gutentor_comment":0,"jetpack_featured_media_url":"https:\/\/eldiariodesanpedro.com.ar\/sitio\/wp-content\/uploads\/2020\/06\/baliza-patrullero-policia_658x400.jpg","jetpack_shortlink":"https:\/\/wp.me\/p6RhLt-kOs","jetpack_sharing_enabled":true,"_links":{"self":[{"href":"https:\/\/eldiariodesanpedro.com.ar\/sitio\/wp-json\/wp\/v2\/posts\/80008","targetHints":{"allow":["GET"]}}],"collection":[{"href":"https:\/\/eldiariodesanpedro.com.ar\/sitio\/wp-json\/wp\/v2\/posts"}],"about":[{"href":"https:\/\/eldiariodesanpedro.com.ar\/sitio\/wp-json\/wp\/v2\/types\/post"}],"author":[{"embeddable":true,"href":"https:\/\/eldiariodesanpedro.com.ar\/sitio\/wp-json\/wp\/v2\/users\/4"}],"replies":[{"embeddable":true,"href":"https:\/\/eldiariodesanpedro.com.ar\/sitio\/wp-json\/wp\/v2\/comments?post=80008"}],"version-history":[{"count":1,"href":"https:\/\/eldiariodesanpedro.com.ar\/sitio\/wp-json\/wp\/v2\/posts\/80008\/revisions"}],"predecessor-version":[{"id":80009,"href":"https:\/\/eldiariodesanpedro.com.ar\/sitio\/wp-json\/wp\/v2\/posts\/80008\/revisions\/80009"}],"wp:featuredmedia":[{"embeddable":true,"href":"https:\/\/eldiariodesanpedro.com.ar\/sitio\/wp-json\/wp\/v2\/media\/76092"}],"wp:attachment":[{"href":"https:\/\/eldiariodesanpedro.com.ar\/sitio\/wp-json\/wp\/v2\/media?parent=80008"}],"wp:term":[{"taxonomy":"category","embeddable":true,"href":"https:\/\/eldiariodesanpedro.com.ar\/sitio\/wp-json\/wp\/v2\/categories?post=80008"},{"taxonomy":"post_tag","embeddable":true,"href":"https:\/\/eldiariodesanpedro.com.ar\/sitio\/wp-json\/wp\/v2\/tags?post=80008"}],"curies":[{"name":"wp","href":"https:\/\/api.w.org\/{rel}","templated":true}]}}