{"id":80006,"date":"2020-08-26T10:23:34","date_gmt":"2020-08-26T13:23:34","guid":{"rendered":"https:\/\/eldiariodesanpedro.com.ar\/sitio\/?p=80006"},"modified":"2020-08-26T10:23:38","modified_gmt":"2020-08-26T13:23:38","slug":"delincuente-que-trataba-de-robar-un-automovil-fue-aprehendido","status":"publish","type":"post","link":"https:\/\/eldiariodesanpedro.com.ar\/sitio\/delincuente-que-trataba-de-robar-un-automovil-fue-aprehendido\/","title":{"rendered":"Delincuente que trataba de robar un autom\u00f3vil fue aprehendido"},"content":{"rendered":"<!-- VideographyWP Plugin Message: Automatic video embedding prevented by plugin options. -->\n\n<p>Seg\u00fan inform\u00f3 el parte policial del d\u00eda de hoy, durante la jornada de este martes se logr\u00f3 la aprehensi\u00f3n de un sujeto que trataba de robar pertenencias dentro de un autom\u00f3vil.&nbsp;<\/p>\n\n\n\n<p>El hecho ocurri\u00f3 en horas de la noche de ayer en calle Bottaro y Bozzano cuando un delincuente de 22 a\u00f1os con frondosos antecedentes intentaba forzar la puerta de un veh\u00edculo estacionado en la v\u00eda p\u00fablica, maniobra que es advertida por el propietario dando aviso telef\u00f3nicamente a la comisar\u00eda local.<\/p>\n\n\n\n<p>R\u00e1pidamente se hace presente un m\u00f3vil logrando la aprehensi\u00f3n del mismo y siendo trasladado a la comisar\u00eda local.<\/p>\n\n\n\n<p>Se iniciaron actuaciones de oficio, con intervenci\u00f3n de la fiscal\u00eda en turno local, y el delincuente que cuenta con ingresos a la dependencia policial por delitos, recuper\u00f3 la libertad.&nbsp;&nbsp;<\/p>\n","protected":false},"excerpt":{"rendered":"<p>Seg\u00fan inform\u00f3 el parte policial del d\u00eda de hoy, durante la jornada de este martes se logr\u00f3 la aprehensi\u00f3n de un sujeto que trataba de robar pertenencias dentro de un autom\u00f3vil.&nbsp; El hecho ocurri\u00f3 en horas de la noche de ayer en calle Bottaro y Bozzano cuando un delincuente de 22 a\u00f1os con frondosos antecedentes [&hellip;]<\/p>\n","protected":false},"author":4,"featured_media":78843,"comment_status":"open","ping_status":"closed","sticky":false,"template":"","format":"standard","meta":{"om_disable_all_campaigns":false,"_jetpack_memberships_contains_paid_content":false,"footnotes":""},"categories":[2,103],"tags":[197,33,95],"class_list":["post-80006","post","type-post","status-publish","format-standard","has-post-thumbnail","hentry","category-locales","category-policiales-locales","tag-buenos-aires","tag-locales","tag-policiales"],"aioseo_notices":[],"gutentor_comment":0,"jetpack_featured_media_url":"https:\/\/eldiariodesanpedro.com.ar\/sitio\/wp-content\/uploads\/2020\/08\/0.jpg","jetpack_shortlink":"https:\/\/wp.me\/p6RhLt-kOq","jetpack_sharing_enabled":true,"_links":{"self":[{"href":"https:\/\/eldiariodesanpedro.com.ar\/sitio\/wp-json\/wp\/v2\/posts\/80006","targetHints":{"allow":["GET"]}}],"collection":[{"href":"https:\/\/eldiariodesanpedro.com.ar\/sitio\/wp-json\/wp\/v2\/posts"}],"about":[{"href":"https:\/\/eldiariodesanpedro.com.ar\/sitio\/wp-json\/wp\/v2\/types\/post"}],"author":[{"embeddable":true,"href":"https:\/\/eldiariodesanpedro.com.ar\/sitio\/wp-json\/wp\/v2\/users\/4"}],"replies":[{"embeddable":true,"href":"https:\/\/eldiariodesanpedro.com.ar\/sitio\/wp-json\/wp\/v2\/comments?post=80006"}],"version-history":[{"count":1,"href":"https:\/\/eldiariodesanpedro.com.ar\/sitio\/wp-json\/wp\/v2\/posts\/80006\/revisions"}],"predecessor-version":[{"id":80007,"href":"https:\/\/eldiariodesanpedro.com.ar\/sitio\/wp-json\/wp\/v2\/posts\/80006\/revisions\/80007"}],"wp:featuredmedia":[{"embeddable":true,"href":"https:\/\/eldiariodesanpedro.com.ar\/sitio\/wp-json\/wp\/v2\/media\/78843"}],"wp:attachment":[{"href":"https:\/\/eldiariodesanpedro.com.ar\/sitio\/wp-json\/wp\/v2\/media?parent=80006"}],"wp:term":[{"taxonomy":"category","embeddable":true,"href":"https:\/\/eldiariodesanpedro.com.ar\/sitio\/wp-json\/wp\/v2\/categories?post=80006"},{"taxonomy":"post_tag","embeddable":true,"href":"https:\/\/eldiariodesanpedro.com.ar\/sitio\/wp-json\/wp\/v2\/tags?post=80006"}],"curies":[{"name":"wp","href":"https:\/\/api.w.org\/{rel}","templated":true}]}}