{"id":79999,"date":"2020-08-26T09:00:00","date_gmt":"2020-08-26T12:00:00","guid":{"rendered":"https:\/\/eldiariodesanpedro.com.ar\/sitio\/?p=79999"},"modified":"2020-08-26T09:23:31","modified_gmt":"2020-08-26T12:23:31","slug":"tunante-ii-6-anos-de-la-desaparicion-del-velero","status":"publish","type":"post","link":"https:\/\/eldiariodesanpedro.com.ar\/sitio\/tunante-ii-6-anos-de-la-desaparicion-del-velero\/","title":{"rendered":"Tunante II: 6 a\u00f1os de la desaparici\u00f3n del velero"},"content":{"rendered":"<!-- VideographyWP Plugin Message: Automatic video embedding prevented by plugin options. -->\n\n<p>El 26 de agosto de 2014 fue el \u00faltimo d\u00eda en que los familiares de Horacio Morales, Jorge Benozzi, Mauro Capuccio y Alejandro Vernero tuvieron contacto con ellos. Luego, una feroz tormenta los alcanz\u00f3 en su traves\u00eda a R\u00edo de Janeiro, dej\u00e1ndolos incomunicados. Desde ese momento, nada se supo de ellos.<\/p>\n\n\n\n<p>El recuerdo de Marino Fabianesi:<\/p>\n\n\n\n<p>\u00abTunante\u00bb<br>Que una estrella sonriente, los cobije<br>a aquellos que han tenido la fortuna<br>de dormir, besados por la luna.<br>Buena vida, es el destino que uno elije.<br>Que el horizonte guarde entre las olas<br>lo que han sido, lo que son, que no haya olvido.<br>Que vuelvan al coraz\u00f3n, los que se han ido,<br>sonriendo en un vaiv\u00e9n, de caracolas.<br>Que en una eterna playa, un mar fecundo<br>le pinte un para\u00edso de acuarela .<br>Que siempre, la bandera de una vela<br>los pasee, sonrientes, por el mundo.<br>Que no se han ido, no, mientras un fuerte<br>viento sople, trayendo sus sonrisas.<br>Su piel al sol, infladas sus camisas,<br>que mientras alguien espere\u2026 no habr\u00e1 muerte.<\/p>\n\n\n\n<p><strong>Marino Fabianesi<\/strong><\/p>\n","protected":false},"excerpt":{"rendered":"<p>El 26 de agosto de 2014 fue el \u00faltimo d\u00eda en que los familiares de Horacio Morales, Jorge Benozzi, Mauro Capuccio y Alejandro Vernero tuvieron contacto con ellos. Luego, una feroz tormenta los alcanz\u00f3 en su traves\u00eda a R\u00edo de Janeiro, dej\u00e1ndolos incomunicados. Desde ese momento, nada se supo de ellos. El recuerdo de Marino [&hellip;]<\/p>\n","protected":false},"author":4,"featured_media":80001,"comment_status":"open","ping_status":"closed","sticky":false,"template":"","format":"standard","meta":{"om_disable_all_campaigns":false,"_jetpack_memberships_contains_paid_content":false,"footnotes":""},"categories":[50,101,2],"tags":[197,696,33,1745],"class_list":["post-79999","post","type-post","status-publish","format-standard","has-post-thumbnail","hentry","category-destacadas","category-interes-general-locales","category-locales","tag-buenos-aires","tag-interes-general","tag-locales","tag-tunante-ii"],"aioseo_notices":[],"gutentor_comment":0,"jetpack_featured_media_url":"https:\/\/eldiariodesanpedro.com.ar\/sitio\/wp-content\/uploads\/2020\/08\/image-11.png","jetpack_shortlink":"https:\/\/wp.me\/p6RhLt-kOj","jetpack_sharing_enabled":true,"_links":{"self":[{"href":"https:\/\/eldiariodesanpedro.com.ar\/sitio\/wp-json\/wp\/v2\/posts\/79999","targetHints":{"allow":["GET"]}}],"collection":[{"href":"https:\/\/eldiariodesanpedro.com.ar\/sitio\/wp-json\/wp\/v2\/posts"}],"about":[{"href":"https:\/\/eldiariodesanpedro.com.ar\/sitio\/wp-json\/wp\/v2\/types\/post"}],"author":[{"embeddable":true,"href":"https:\/\/eldiariodesanpedro.com.ar\/sitio\/wp-json\/wp\/v2\/users\/4"}],"replies":[{"embeddable":true,"href":"https:\/\/eldiariodesanpedro.com.ar\/sitio\/wp-json\/wp\/v2\/comments?post=79999"}],"version-history":[{"count":1,"href":"https:\/\/eldiariodesanpedro.com.ar\/sitio\/wp-json\/wp\/v2\/posts\/79999\/revisions"}],"predecessor-version":[{"id":80002,"href":"https:\/\/eldiariodesanpedro.com.ar\/sitio\/wp-json\/wp\/v2\/posts\/79999\/revisions\/80002"}],"wp:featuredmedia":[{"embeddable":true,"href":"https:\/\/eldiariodesanpedro.com.ar\/sitio\/wp-json\/wp\/v2\/media\/80001"}],"wp:attachment":[{"href":"https:\/\/eldiariodesanpedro.com.ar\/sitio\/wp-json\/wp\/v2\/media?parent=79999"}],"wp:term":[{"taxonomy":"category","embeddable":true,"href":"https:\/\/eldiariodesanpedro.com.ar\/sitio\/wp-json\/wp\/v2\/categories?post=79999"},{"taxonomy":"post_tag","embeddable":true,"href":"https:\/\/eldiariodesanpedro.com.ar\/sitio\/wp-json\/wp\/v2\/tags?post=79999"}],"curies":[{"name":"wp","href":"https:\/\/api.w.org\/{rel}","templated":true}]}}