{"id":79996,"date":"2020-08-25T22:27:14","date_gmt":"2020-08-26T01:27:14","guid":{"rendered":"https:\/\/eldiariodesanpedro.com.ar\/sitio\/?p=79996"},"modified":"2020-08-25T22:27:15","modified_gmt":"2020-08-26T01:27:15","slug":"un-nuevo-positivo-de-institutos-privados-y-23-recuperados-nuevos","status":"publish","type":"post","link":"https:\/\/eldiariodesanpedro.com.ar\/sitio\/un-nuevo-positivo-de-institutos-privados-y-23-recuperados-nuevos\/","title":{"rendered":"Un nuevo positivo de institutos privados y 23 recuperados nuevos"},"content":{"rendered":"<!-- VideographyWP Plugin Message: Automatic video embedding prevented by plugin options. -->\n\n<p>La Secretar\u00eda de Salud de la Municipalidad de San Pedro informa los datos recibidos y procesados HASTA EL MOMENTO en el seguimiento de la Pandemia de Covid-19.<br>En el d\u00eda de hoy se confirm\u00f3 1 (un caso) entregado por un laboratorio privado y no fueron recibidos resultados desde el Instituto Maiztegui.<\/p>\n\n\n\n<p>No se enviaron muestras y se sumaron 23 pacientes al grupo de recuperados.<\/p>\n\n\n\n<p>Resultados<br>Laboratorios Privados: 1<\/p>\n\n\n\n<p>Se procesaron 7 muestras, con 6 negativas y 1 positiva, correspondiente a un hombre de 44 a\u00f1os.<\/p>\n\n\n\n<p>Recuperados: 23<br>Los nuevos pacientes que se suman al grupo de recuperados son:<br>-9 mujeres de 22, 26, 36 y 47 a\u00f1os (contacto estrecho covid), 27, 32, 56(2) (nexo sin determinar) y 38 a\u00f1os (trabajadora de salud).<br>-14 hombres de 37, 44, 50, 56, 62, 66 y 88 a\u00f1os (contacto estrecho covid), 43 (trabajador de salud), 14 y 32 (nexo sin determinar), 28 y 33 (servicio penitenciario), 27 (empresa automotriz) y 25 a\u00f1os (empresa alimenticia).<\/p>\n\n\n\n<p>Con esta informaci\u00f3n el panel general queda de la siguiente forma:<\/p>\n\n\n\n<p>RESUMEN<br>Nuevas muestras enviadas p\u00fablico-mixto: 00<br>Muestras Pendientes p\u00fablico-mixto: 64<br>Nuevas muestras negativas p\u00fablico-mixto-privado: 6<br>Nuevos Casos Positivos p\u00fablico-mixto-privado: 1<br>Total de confirmados: 393<br>Total de casos activos: 62<br>Total de casos recuperados: 315<br>Total de casos fallecidos: 16<br>Total de muestras negativas sistema p\u00fablico-mixto-privado: 695<\/p>\n\n\n\n<p>&#x1f449; Usar tapabocas.<br>&#x1f449; Mantener la distancia m\u00ednima de 2 metros.<br>&#x1f449; Extremar la higiene de los espacios.<br>&#x1f449; Mantener las manos limpias.<\/p>\n\n\n\n<p>Se recuerda que, ante s\u00edntomas de tos seca, fiebre y dolor de garganta y la probabilidad de haber estado en contacto con enfermos o viajeros llegados desde las zonas transmisi\u00f3n local o comunitaria se puede llamar al 148 o 107.<\/p>\n\n\n\n<figure class=\"wp-block-image size-large\"><img decoding=\"async\" width=\"1280\" height=\"1240\" data-attachment-id=\"79997\" data-permalink=\"https:\/\/eldiariodesanpedro.com.ar\/sitio\/un-nuevo-positivo-de-institutos-privados-y-23-recuperados-nuevos\/whatsapp-image-2020-08-25-at-22-11-08\/\" data-orig-file=\"https:\/\/eldiariodesanpedro.com.ar\/sitio\/wp-content\/uploads\/2020\/08\/WhatsApp-Image-2020-08-25-at-22.11.08.jpeg\" data-orig-size=\"1280,1240\" data-comments-opened=\"1\" data-image-meta=\"{&quot;aperture&quot;:&quot;0&quot;,&quot;credit&quot;:&quot;&quot;,&quot;camera&quot;:&quot;&quot;,&quot;caption&quot;:&quot;&quot;,&quot;created_timestamp&quot;:&quot;0&quot;,&quot;copyright&quot;:&quot;&quot;,&quot;focal_length&quot;:&quot;0&quot;,&quot;iso&quot;:&quot;0&quot;,&quot;shutter_speed&quot;:&quot;0&quot;,&quot;title&quot;:&quot;&quot;,&quot;orientation&quot;:&quot;0&quot;}\" data-image-title=\"WhatsApp-Image-2020-08-25-at-22.11.08\" data-image-description=\"\" data-image-caption=\"\" data-large-file=\"https:\/\/eldiariodesanpedro.com.ar\/sitio\/wp-content\/uploads\/2020\/08\/WhatsApp-Image-2020-08-25-at-22.11.08-1024x992.jpeg\" data-src=\"https:\/\/i1.wp.com\/eldiariodesanpedro.com.ar\/sitio\/wp-content\/uploads\/2020\/08\/WhatsApp-Image-2020-08-25-at-22.11.08.jpeg?fit=640%2C620&amp;ssl=1\" alt=\"\" class=\"wp-image-79997 lazyload\" data-srcset=\"https:\/\/eldiariodesanpedro.com.ar\/sitio\/wp-content\/uploads\/2020\/08\/WhatsApp-Image-2020-08-25-at-22.11.08.jpeg 1280w, https:\/\/eldiariodesanpedro.com.ar\/sitio\/wp-content\/uploads\/2020\/08\/WhatsApp-Image-2020-08-25-at-22.11.08-300x291.jpeg 300w, https:\/\/eldiariodesanpedro.com.ar\/sitio\/wp-content\/uploads\/2020\/08\/WhatsApp-Image-2020-08-25-at-22.11.08-1024x992.jpeg 1024w, https:\/\/eldiariodesanpedro.com.ar\/sitio\/wp-content\/uploads\/2020\/08\/WhatsApp-Image-2020-08-25-at-22.11.08-768x744.jpeg 768w\" data-sizes=\"(max-width: 1280px) 100vw, 1280px\" src=\"data:image\/svg+xml;base64,PHN2ZyB3aWR0aD0iMSIgaGVpZ2h0PSIxIiB4bWxucz0iaHR0cDovL3d3dy53My5vcmcvMjAwMC9zdmciPjwvc3ZnPg==\" style=\"--smush-placeholder-width: 1280px; --smush-placeholder-aspect-ratio: 1280\/1240;\" \/><\/figure>\n","protected":false},"excerpt":{"rendered":"<p>La Secretar\u00eda de Salud de la Municipalidad de San Pedro informa los datos recibidos y procesados HASTA EL MOMENTO en el seguimiento de la Pandemia de Covid-19.En el d\u00eda de hoy se confirm\u00f3 1 (un caso) entregado por un laboratorio privado y no fueron recibidos resultados desde el Instituto Maiztegui. No se enviaron muestras y [&hellip;]<\/p>\n","protected":false},"author":4,"featured_media":78783,"comment_status":"open","ping_status":"closed","sticky":false,"template":"","format":"standard","meta":{"om_disable_all_campaigns":false,"_jetpack_memberships_contains_paid_content":false,"footnotes":""},"categories":[50,101,2],"tags":[197,696,33],"class_list":["post-79996","post","type-post","status-publish","format-standard","has-post-thumbnail","hentry","category-destacadas","category-interes-general-locales","category-locales","tag-buenos-aires","tag-interes-general","tag-locales"],"aioseo_notices":[],"gutentor_comment":0,"jetpack_featured_media_url":"https:\/\/eldiariodesanpedro.com.ar\/sitio\/wp-content\/uploads\/2020\/08\/coronavirus-positivo-2.jpg","jetpack_shortlink":"https:\/\/wp.me\/p6RhLt-kOg","jetpack_sharing_enabled":true,"_links":{"self":[{"href":"https:\/\/eldiariodesanpedro.com.ar\/sitio\/wp-json\/wp\/v2\/posts\/79996","targetHints":{"allow":["GET"]}}],"collection":[{"href":"https:\/\/eldiariodesanpedro.com.ar\/sitio\/wp-json\/wp\/v2\/posts"}],"about":[{"href":"https:\/\/eldiariodesanpedro.com.ar\/sitio\/wp-json\/wp\/v2\/types\/post"}],"author":[{"embeddable":true,"href":"https:\/\/eldiariodesanpedro.com.ar\/sitio\/wp-json\/wp\/v2\/users\/4"}],"replies":[{"embeddable":true,"href":"https:\/\/eldiariodesanpedro.com.ar\/sitio\/wp-json\/wp\/v2\/comments?post=79996"}],"version-history":[{"count":1,"href":"https:\/\/eldiariodesanpedro.com.ar\/sitio\/wp-json\/wp\/v2\/posts\/79996\/revisions"}],"predecessor-version":[{"id":79998,"href":"https:\/\/eldiariodesanpedro.com.ar\/sitio\/wp-json\/wp\/v2\/posts\/79996\/revisions\/79998"}],"wp:featuredmedia":[{"embeddable":true,"href":"https:\/\/eldiariodesanpedro.com.ar\/sitio\/wp-json\/wp\/v2\/media\/78783"}],"wp:attachment":[{"href":"https:\/\/eldiariodesanpedro.com.ar\/sitio\/wp-json\/wp\/v2\/media?parent=79996"}],"wp:term":[{"taxonomy":"category","embeddable":true,"href":"https:\/\/eldiariodesanpedro.com.ar\/sitio\/wp-json\/wp\/v2\/categories?post=79996"},{"taxonomy":"post_tag","embeddable":true,"href":"https:\/\/eldiariodesanpedro.com.ar\/sitio\/wp-json\/wp\/v2\/tags?post=79996"}],"curies":[{"name":"wp","href":"https:\/\/api.w.org\/{rel}","templated":true}]}}