{"id":79988,"date":"2020-08-25T19:01:05","date_gmt":"2020-08-25T22:01:05","guid":{"rendered":"https:\/\/eldiariodesanpedro.com.ar\/sitio\/?p=79988"},"modified":"2020-08-25T19:01:09","modified_gmt":"2020-08-25T22:01:09","slug":"baradero-un-pequeno-del-hogar-del-nino-fue-sometido-a-un-hisopado","status":"publish","type":"post","link":"https:\/\/eldiariodesanpedro.com.ar\/sitio\/baradero-un-pequeno-del-hogar-del-nino-fue-sometido-a-un-hisopado\/","title":{"rendered":"BARADERO | Un peque\u00f1o del Hogar del Ni\u00f1o fue sometido a un hisopado"},"content":{"rendered":"<!-- VideographyWP Plugin Message: Automatic video embedding prevented by plugin options. -->\n\n<p>Un peque\u00f1o de 2 a\u00f1os residente del Hogar del Ni\u00f1o fue sometido a un hisopado tras levantar fiebre. El Director General de Pol\u00edticas de Familia, Luis Tobares, explic\u00f3 que el ni\u00f1o en principio present\u00f3 otitis, pero al levantar fiebre fue hisopado por prevenci\u00f3n.<\/p>\n\n\n\n<p>\u201cAhora se encuentra aislado, en buen estado de salud y esperamos los resultados de su hisopado\u201d, coment\u00f3 Luis Tobares.<\/p>\n\n\n\n<p>Adem\u00e1s, confirm\u00f3 que ma\u00f1ana se va a hacer presente en nuestra ciudad el Ministro de Desarrollo Social Daniel Arroyo.<\/p>\n\n\n\n<p>Fuente: <a href=\"https:\/\/tulineadirecta.com\/un-pequeno-del-hogar-del-nino-fue-sometido-a-un-hisopado\/\">Tu Linea directa<\/a><\/p>\n","protected":false},"excerpt":{"rendered":"<p>Un peque\u00f1o de 2 a\u00f1os residente del Hogar del Ni\u00f1o fue sometido a un hisopado tras levantar fiebre. El Director General de Pol\u00edticas de Familia, Luis Tobares, explic\u00f3 que el ni\u00f1o en principio present\u00f3 otitis, pero al levantar fiebre fue hisopado por prevenci\u00f3n. \u201cAhora se encuentra aislado, en buen estado de salud y esperamos los [&hellip;]<\/p>\n","protected":false},"author":4,"featured_media":79989,"comment_status":"open","ping_status":"closed","sticky":false,"template":"","format":"standard","meta":{"om_disable_all_campaigns":false,"_jetpack_memberships_contains_paid_content":false,"footnotes":""},"categories":[621],"tags":[139,197,681],"class_list":["post-79988","post","type-post","status-publish","format-standard","has-post-thumbnail","hentry","category-regionales","tag-baradero","tag-buenos-aires","tag-regionales"],"aioseo_notices":[],"gutentor_comment":0,"jetpack_featured_media_url":"https:\/\/eldiariodesanpedro.com.ar\/sitio\/wp-content\/uploads\/2020\/08\/hogar-del-nino.jpg","jetpack_shortlink":"https:\/\/wp.me\/p6RhLt-kO8","jetpack_sharing_enabled":true,"_links":{"self":[{"href":"https:\/\/eldiariodesanpedro.com.ar\/sitio\/wp-json\/wp\/v2\/posts\/79988","targetHints":{"allow":["GET"]}}],"collection":[{"href":"https:\/\/eldiariodesanpedro.com.ar\/sitio\/wp-json\/wp\/v2\/posts"}],"about":[{"href":"https:\/\/eldiariodesanpedro.com.ar\/sitio\/wp-json\/wp\/v2\/types\/post"}],"author":[{"embeddable":true,"href":"https:\/\/eldiariodesanpedro.com.ar\/sitio\/wp-json\/wp\/v2\/users\/4"}],"replies":[{"embeddable":true,"href":"https:\/\/eldiariodesanpedro.com.ar\/sitio\/wp-json\/wp\/v2\/comments?post=79988"}],"version-history":[{"count":1,"href":"https:\/\/eldiariodesanpedro.com.ar\/sitio\/wp-json\/wp\/v2\/posts\/79988\/revisions"}],"predecessor-version":[{"id":79990,"href":"https:\/\/eldiariodesanpedro.com.ar\/sitio\/wp-json\/wp\/v2\/posts\/79988\/revisions\/79990"}],"wp:featuredmedia":[{"embeddable":true,"href":"https:\/\/eldiariodesanpedro.com.ar\/sitio\/wp-json\/wp\/v2\/media\/79989"}],"wp:attachment":[{"href":"https:\/\/eldiariodesanpedro.com.ar\/sitio\/wp-json\/wp\/v2\/media?parent=79988"}],"wp:term":[{"taxonomy":"category","embeddable":true,"href":"https:\/\/eldiariodesanpedro.com.ar\/sitio\/wp-json\/wp\/v2\/categories?post=79988"},{"taxonomy":"post_tag","embeddable":true,"href":"https:\/\/eldiariodesanpedro.com.ar\/sitio\/wp-json\/wp\/v2\/tags?post=79988"}],"curies":[{"name":"wp","href":"https:\/\/api.w.org\/{rel}","templated":true}]}}