{"id":79985,"date":"2020-08-25T18:59:00","date_gmt":"2020-08-25T21:59:00","guid":{"rendered":"https:\/\/eldiariodesanpedro.com.ar\/sitio\/?p=79985"},"modified":"2020-08-25T18:59:04","modified_gmt":"2020-08-25T21:59:04","slug":"un-productor-rural-detenido-por-quema-ilegal-de-pastizales","status":"publish","type":"post","link":"https:\/\/eldiariodesanpedro.com.ar\/sitio\/un-productor-rural-detenido-por-quema-ilegal-de-pastizales\/","title":{"rendered":"Un productor rural detenido por quema ilegal de pastizales"},"content":{"rendered":"<!-- VideographyWP Plugin Message: Automatic video embedding prevented by plugin options. -->\n\n<p>Un productor ganadero del Delta fue detenido por la quema ilegal de pastizales en un campo ubicado en Canal 5 y R\u00edo Carabelas, perteneciente a la Segunda Secci\u00f3n de Islas del Paran\u00e1 en la zona de San Fernando.<\/p>\n\n\n\n<p>Seg\u00fan fuentes de la investigaci\u00f3n, todo comenz\u00f3 a principios de agosto, cuando por medio de im\u00e1genes de radar se avistaron principios de fuego y se realiz\u00f3 la denuncia ante la Direcci\u00f3n de Seguridad de Islas del Destacamento Canal Alem.<\/p>\n\n\n\n<p>Ahora, tras varios d\u00edas, se detectaron nuevos focos que catalogaron como intencionales. Los vecinos isle\u00f1os de la zona e investigaciones policiales anteriores apuntaron a Oscar Rosales, un productor rural que posee varias hect\u00e1reas.<\/p>\n\n\n\n<p>Tras una presentaci\u00f3n del municipio de San Fernando para la Polic\u00eda, qued\u00f3 hecha la denuncia ante la Fiscal\u00eda Correccional y luego lo detuvieron, informaron las fuentes.<\/p>\n\n\n\n<p>El objetivo de la quema ilegal de los pastizales ser\u00eda la renovaci\u00f3n de pasturas secas para que r\u00e1pidamente crezca pasto verde y as\u00ed poder alimentar a su propia hacienda, especularon las autoridades.<\/p>\n\n\n\n<p>Los incendios en el Delta del r\u00edo Paran\u00e1 llevan varios meses afectando a la ciudad de Rosario y a parte de Entre R\u00edos, entre otros lugares. En los \u00faltimos d\u00edas hubo varias convocatorias para pedir que se termine con la quema indiscriminada de pastizales y a favor de la aprobaci\u00f3n de la Ley de Humedales.<\/p>\n\n\n\n<p>FUENTE: El Litoral<\/p>\n","protected":false},"excerpt":{"rendered":"<p>Un productor ganadero del Delta fue detenido por la quema ilegal de pastizales en un campo ubicado en Canal 5 y R\u00edo Carabelas, perteneciente a la Segunda Secci\u00f3n de Islas del Paran\u00e1 en la zona de San Fernando. Seg\u00fan fuentes de la investigaci\u00f3n, todo comenz\u00f3 a principios de agosto, cuando por medio de im\u00e1genes de [&hellip;]<\/p>\n","protected":false},"author":4,"featured_media":79986,"comment_status":"open","ping_status":"closed","sticky":false,"template":"","format":"standard","meta":{"om_disable_all_campaigns":false,"_jetpack_memberships_contains_paid_content":false,"footnotes":""},"categories":[621],"tags":[197,329,681],"class_list":["post-79985","post","type-post","status-publish","format-standard","has-post-thumbnail","hentry","category-regionales","tag-buenos-aires","tag-provincia","tag-regionales"],"aioseo_notices":[],"gutentor_comment":0,"jetpack_featured_media_url":"https:\/\/eldiariodesanpedro.com.ar\/sitio\/wp-content\/uploads\/2020\/08\/no_lu5vrw3c5vt2pvk20200825_181511_0000.png","jetpack_shortlink":"https:\/\/wp.me\/p6RhLt-kO5","jetpack_sharing_enabled":true,"_links":{"self":[{"href":"https:\/\/eldiariodesanpedro.com.ar\/sitio\/wp-json\/wp\/v2\/posts\/79985","targetHints":{"allow":["GET"]}}],"collection":[{"href":"https:\/\/eldiariodesanpedro.com.ar\/sitio\/wp-json\/wp\/v2\/posts"}],"about":[{"href":"https:\/\/eldiariodesanpedro.com.ar\/sitio\/wp-json\/wp\/v2\/types\/post"}],"author":[{"embeddable":true,"href":"https:\/\/eldiariodesanpedro.com.ar\/sitio\/wp-json\/wp\/v2\/users\/4"}],"replies":[{"embeddable":true,"href":"https:\/\/eldiariodesanpedro.com.ar\/sitio\/wp-json\/wp\/v2\/comments?post=79985"}],"version-history":[{"count":1,"href":"https:\/\/eldiariodesanpedro.com.ar\/sitio\/wp-json\/wp\/v2\/posts\/79985\/revisions"}],"predecessor-version":[{"id":79987,"href":"https:\/\/eldiariodesanpedro.com.ar\/sitio\/wp-json\/wp\/v2\/posts\/79985\/revisions\/79987"}],"wp:featuredmedia":[{"embeddable":true,"href":"https:\/\/eldiariodesanpedro.com.ar\/sitio\/wp-json\/wp\/v2\/media\/79986"}],"wp:attachment":[{"href":"https:\/\/eldiariodesanpedro.com.ar\/sitio\/wp-json\/wp\/v2\/media?parent=79985"}],"wp:term":[{"taxonomy":"category","embeddable":true,"href":"https:\/\/eldiariodesanpedro.com.ar\/sitio\/wp-json\/wp\/v2\/categories?post=79985"},{"taxonomy":"post_tag","embeddable":true,"href":"https:\/\/eldiariodesanpedro.com.ar\/sitio\/wp-json\/wp\/v2\/tags?post=79985"}],"curies":[{"name":"wp","href":"https:\/\/api.w.org\/{rel}","templated":true}]}}