{"id":79979,"date":"2020-08-25T18:42:39","date_gmt":"2020-08-25T21:42:39","guid":{"rendered":"https:\/\/eldiariodesanpedro.com.ar\/sitio\/?p=79979"},"modified":"2020-08-25T18:42:43","modified_gmt":"2020-08-25T21:42:43","slug":"coronavirus-empieza-a-preocupar-la-situacion-de-los-municipios-del-interior-de-la-provincia","status":"publish","type":"post","link":"https:\/\/eldiariodesanpedro.com.ar\/sitio\/coronavirus-empieza-a-preocupar-la-situacion-de-los-municipios-del-interior-de-la-provincia\/","title":{"rendered":"Coronavirus: empieza a preocupar la situaci\u00f3n de los municipios del interior de la Provincia"},"content":{"rendered":"<!-- VideographyWP Plugin Message: Automatic video embedding prevented by plugin options. -->\n\n<p>El Gobierno bonaerense cree que \u201cempieza a estabilizarse\u201d la situaci\u00f3n en el AMBA, pero ve con preocupaci\u00f3n los focos que aparecen en el interior, donde ya casi no quedan distritos libres de COVID 19.<\/p>\n\n\n\n<p>Transcurridos algo m\u00e1s de cinco meses de Aislamiento Social, la principal medida para evitar la propagacion del coronavirus en el pa\u00eds, las autoridades sanitarias de la Provincia analizan con preocupaci\u00f3n el avance de la enfermedad en el interior bonaerense, y ya no tanto en el \u00c1rea Metropolitana de Buenos Aires.<\/p>\n\n\n\n<p>Es que, si bien el AMBA sigue aportando el 90 por ciento de los casos positivos que se confirman a diario, hay una tendencia m\u00e1s acelerada en los distritos del interior, y ya casi no quedan municipios que no hayan tenido al menos un contagio.<\/p>\n\n\n\n<p>As\u00ed lo explic\u00f3 hoy Leticia Ceriani, Subsecretaria de Gesti\u00f3n de la Informaci\u00f3n, Educaci\u00f3n Permanente y Fiscalizaci\u00f3n del Ministerio de Salud, en di\u00e1logo con \u201cTodo no se puede\u201d, en el aire de LA CIELO. \u201cHay otra situaci\u00f3n que empieza a aparecer en estas \u00faltimas semanas, que tiene que ver con focos grandes, situaciones de brote, en municipios fuera del AMBA\u201d, indic\u00f3.<\/p>\n\n\n\n<p>Esos focos, que comenzaron en distritos como Bah\u00eda Blanca, Olavarr\u00eda, Dolores y otros del norte bonaerense como San Pedro y Baradero, se ha hecho masiva y preocupa a las autoridades, por varios factores. Ceriani apunt\u00f3 a dos: las dimensiones de la infraestructura hospitalaria de esas localidades y el entrenamiento del personal de salud que el AMBA gener\u00f3 en cinco meses y que en el interior est\u00e1 casi ausente.<\/p>\n\n\n\n<p>La situaci\u00f3n, remarc\u00f3 la especialista bonaerense, \u201ctiende a complejizarse en estos municipios, que adem\u00e1s tienen una infraestructura hospitalaria m\u00e1s peque\u00f1a y que no vienen con estos cinco meses de experiencia en el abordaje de la pandemia: ni en rastreo de contagios, ni en el sistema de salud\u201d.<\/p>\n\n\n\n<p>Por eso la Provincia ya tom\u00f3 algunas medidas: \u201cReforzamos los sistemas de salud, tenemos un sistema de derivaciones que nos permite regionalizar y pensar en efectores por region que puedan dar respuesta a las necesidades\u201d, explic\u00f3 Ceriani. \u201cTodo est\u00e1 planificado pero es cierto que la infraestructura hospitalaria es significativamente m\u00e1s peque\u00f1a\u201d, agreg\u00f3.<\/p>\n\n\n\n<p>Fuente: <a href=\"http:\/\/www.enlacecritico.com\/destacados\/coronavirus-empieza-a-preocupar-la-situacion-de-los-municipios-del-interior-de-la-provincia\/\">Enlace Critico<\/a><\/p>\n","protected":false},"excerpt":{"rendered":"<p>El Gobierno bonaerense cree que \u201cempieza a estabilizarse\u201d la situaci\u00f3n en el AMBA, pero ve con preocupaci\u00f3n los focos que aparecen en el interior, donde ya casi no quedan distritos libres de COVID 19. Transcurridos algo m\u00e1s de cinco meses de Aislamiento Social, la principal medida para evitar la propagacion del coronavirus en el pa\u00eds, [&hellip;]<\/p>\n","protected":false},"author":4,"featured_media":79980,"comment_status":"open","ping_status":"closed","sticky":false,"template":"","format":"standard","meta":{"om_disable_all_campaigns":false,"_jetpack_memberships_contains_paid_content":false,"footnotes":""},"categories":[621],"tags":[197,808,681],"class_list":["post-79979","post","type-post","status-publish","format-standard","has-post-thumbnail","hentry","category-regionales","tag-buenos-aires","tag-coronavirus","tag-regionales"],"aioseo_notices":[],"gutentor_comment":0,"jetpack_featured_media_url":"https:\/\/eldiariodesanpedro.com.ar\/sitio\/wp-content\/uploads\/2020\/08\/0037875305_658x400.jpg","jetpack_shortlink":"https:\/\/wp.me\/p6RhLt-kNZ","jetpack_sharing_enabled":true,"_links":{"self":[{"href":"https:\/\/eldiariodesanpedro.com.ar\/sitio\/wp-json\/wp\/v2\/posts\/79979","targetHints":{"allow":["GET"]}}],"collection":[{"href":"https:\/\/eldiariodesanpedro.com.ar\/sitio\/wp-json\/wp\/v2\/posts"}],"about":[{"href":"https:\/\/eldiariodesanpedro.com.ar\/sitio\/wp-json\/wp\/v2\/types\/post"}],"author":[{"embeddable":true,"href":"https:\/\/eldiariodesanpedro.com.ar\/sitio\/wp-json\/wp\/v2\/users\/4"}],"replies":[{"embeddable":true,"href":"https:\/\/eldiariodesanpedro.com.ar\/sitio\/wp-json\/wp\/v2\/comments?post=79979"}],"version-history":[{"count":1,"href":"https:\/\/eldiariodesanpedro.com.ar\/sitio\/wp-json\/wp\/v2\/posts\/79979\/revisions"}],"predecessor-version":[{"id":79981,"href":"https:\/\/eldiariodesanpedro.com.ar\/sitio\/wp-json\/wp\/v2\/posts\/79979\/revisions\/79981"}],"wp:featuredmedia":[{"embeddable":true,"href":"https:\/\/eldiariodesanpedro.com.ar\/sitio\/wp-json\/wp\/v2\/media\/79980"}],"wp:attachment":[{"href":"https:\/\/eldiariodesanpedro.com.ar\/sitio\/wp-json\/wp\/v2\/media?parent=79979"}],"wp:term":[{"taxonomy":"category","embeddable":true,"href":"https:\/\/eldiariodesanpedro.com.ar\/sitio\/wp-json\/wp\/v2\/categories?post=79979"},{"taxonomy":"post_tag","embeddable":true,"href":"https:\/\/eldiariodesanpedro.com.ar\/sitio\/wp-json\/wp\/v2\/tags?post=79979"}],"curies":[{"name":"wp","href":"https:\/\/api.w.org\/{rel}","templated":true}]}}