{"id":79976,"date":"2020-08-25T18:37:01","date_gmt":"2020-08-25T21:37:01","guid":{"rendered":"https:\/\/eldiariodesanpedro.com.ar\/sitio\/?p=79976"},"modified":"2020-08-25T18:37:04","modified_gmt":"2020-08-25T21:37:04","slug":"campana-la-region-sanitaria-v-emitio-un-informe-propio-sobre-casos-de-covid-19-en-campana-810-positivos-y-zarate-817","status":"publish","type":"post","link":"https:\/\/eldiariodesanpedro.com.ar\/sitio\/campana-la-region-sanitaria-v-emitio-un-informe-propio-sobre-casos-de-covid-19-en-campana-810-positivos-y-zarate-817\/","title":{"rendered":"CAMPANA | La Regi\u00f3n Sanitaria V emiti\u00f3 un informe propio sobre casos de COVID-19 en Campana 810 positivos y Zarate 817"},"content":{"rendered":"<!-- VideographyWP Plugin Message: Automatic video embedding prevented by plugin options. -->\n\n<p>Ayer, campana ya contabilizaba 810 Positivos y otros 258 Casos clasificados como Sospechosos (a la espera de confirmaci\u00f3n positiva o negativa para la infecci\u00f3n). Adem\u00e1s, 21 personas internadas en Cuidados Intensivos, 3 con ARM (Asistencia Respiratoria Mec\u00e1nica).<\/p>\n\n\n\n<p>El Sistema Nacional de Vigilancia de la Salud SNVS2.0 es el sistema de informaci\u00f3n desarrollado en el marco del Sistema de Informaci\u00f3n Sanitaria Argentina (SISA), que permite integrar distintas fuentes y estrategias de vigilancia utilizadas hasta el momento (C2, SIVILA, UC, TBC, HIV, etc).<\/p>\n\n\n\n<p>El SNVS2.0 permite la participaci\u00f3n y comunicaci\u00f3n de los diferentes actores involucrados en la vigilancia y tiene el objetivo de vehiculizar la notificaci\u00f3n obligatoria de eventos de importancia para la salud p\u00fablica, con el prop\u00f3sito de colaborar con la implementaci\u00f3n de acciones de prevenci\u00f3n y control de enfermedades y riesgos como el de mejorar la calidad de la atenci\u00f3n de las personas afectadas, en todo lo relacionado a los Eventos de Notificaci\u00f3n Obligatoria.<\/p>\n\n\n\n<p>Campana pertenece a la Regi\u00f3n Sanitaria V (RS V) de la provincia de Buenos Aires, y fue la autoridad competente a la hora de realizar el informe que analizamos.<\/p>\n\n\n\n<p><em><strong>Ayer, el\u00a0Parte de la RS V (emitido a las 15.45hs) daba cuenta de una marcada diferencia: 810 Casos Positivos y otros 258 identificados como \u201cCasos Sospechosos\u201d<\/strong><\/em>\u00a0(a la espera de confirmaci\u00f3n positiva o negativa para la infecci\u00f3n), conforme la foto que ilustra la nota.<\/p>\n\n\n\n<p>No obstante, dicha diferencia podr\u00eda darse debido a las restricciones de acceso que tiene el Municipio respecto a la Regi\u00f3n. En este sentido, fuentes consultadas estiman que el organismo podr\u00eda tener anticipadamente informaci\u00f3n respecto a los resultados cargados por laboratorios privados.<\/p>\n\n\n\n<p>Adem\u00e1s, desde la misma Regi\u00f3n Sanitaria V de la provincia de Buenos Aires detallaron: \u201cLos eventos epidemiol\u00f3gicos en nuestro pa\u00eds se registran de acuerdo con el lugar de residencia habitual. El tiempo de notificaci\u00f3n al sistema SISA durante esta pandemia, est\u00e1 presentando un retraso principalmente en las defunciones notificadas. Esto se ve reflejado algunos d\u00edas en los que se ve un aumento s\u00fabito del n\u00famero de defunciones, que corresponden a sucesos acontecidos en fechas anteriores y notificados al sistema el d\u00eda de la fecha\u201d.<\/p>\n\n\n\n<p>Es por ello que en otro de los gr\u00e1ficos que ilustran la nota se detallan 20 decesos (NdR: ayer el Municipio inform\u00f3 que eran 21), de los cuales 19 hab\u00edan fallecido con FR (Factor de Riesgo).<\/p>\n\n\n\n<p>Pero adem\u00e1s se visualiza que hab\u00eda&nbsp;<em><strong>21 personas internadas en Cuidados Intensivos, 3 con ARM (Asistencia Respiratoria Mec\u00e1nica)<\/strong><\/em>.<\/p>\n\n\n\n<p>Independientemente de las diferencias, como siempre desde\u00a0<em><strong>Campana Noticias<\/strong><\/em>\u00a0apelamos al compromiso individual y social, respetando las normativas de prevenci\u00f3n, protecci\u00f3n e higiene a los efectos de cuidarnos y cuidar a los dem\u00e1s campanenses (familiares, amigos y amigas, al resto de la comunidad a\u00fan sin conocer de manera individual y\/o personal), para mitigar el impacto sanitario por la propagaci\u00f3n del Coronavirus (COVID-19).<\/p>\n\n\n\n<p>Fuente: <a href=\"https:\/\/www.campananoticias.com\/noticia\/62861\/la-regin-sanitaria-v-emiti-un-informe-propio-sobre-casos-de-covid-19-en-campana\">Campana Noticias<\/a><\/p>\n","protected":false},"excerpt":{"rendered":"<p>Ayer, campana ya contabilizaba 810 Positivos y otros 258 Casos clasificados como Sospechosos (a la espera de confirmaci\u00f3n positiva o negativa para la infecci\u00f3n). Adem\u00e1s, 21 personas internadas en Cuidados Intensivos, 3 con ARM (Asistencia Respiratoria Mec\u00e1nica). El Sistema Nacional de Vigilancia de la Salud SNVS2.0 es el sistema de informaci\u00f3n desarrollado en el marco [&hellip;]<\/p>\n","protected":false},"author":4,"featured_media":79977,"comment_status":"open","ping_status":"closed","sticky":false,"template":"","format":"standard","meta":{"om_disable_all_campaigns":false,"_jetpack_memberships_contains_paid_content":false,"footnotes":""},"categories":[621],"tags":[197,686,681],"class_list":["post-79976","post","type-post","status-publish","format-standard","has-post-thumbnail","hentry","category-regionales","tag-buenos-aires","tag-campana-2","tag-regionales"],"aioseo_notices":[],"gutentor_comment":0,"jetpack_featured_media_url":"https:\/\/eldiariodesanpedro.com.ar\/sitio\/wp-content\/uploads\/2020\/08\/20200825020538.png","jetpack_shortlink":"https:\/\/wp.me\/p6RhLt-kNW","jetpack_sharing_enabled":true,"_links":{"self":[{"href":"https:\/\/eldiariodesanpedro.com.ar\/sitio\/wp-json\/wp\/v2\/posts\/79976","targetHints":{"allow":["GET"]}}],"collection":[{"href":"https:\/\/eldiariodesanpedro.com.ar\/sitio\/wp-json\/wp\/v2\/posts"}],"about":[{"href":"https:\/\/eldiariodesanpedro.com.ar\/sitio\/wp-json\/wp\/v2\/types\/post"}],"author":[{"embeddable":true,"href":"https:\/\/eldiariodesanpedro.com.ar\/sitio\/wp-json\/wp\/v2\/users\/4"}],"replies":[{"embeddable":true,"href":"https:\/\/eldiariodesanpedro.com.ar\/sitio\/wp-json\/wp\/v2\/comments?post=79976"}],"version-history":[{"count":1,"href":"https:\/\/eldiariodesanpedro.com.ar\/sitio\/wp-json\/wp\/v2\/posts\/79976\/revisions"}],"predecessor-version":[{"id":79978,"href":"https:\/\/eldiariodesanpedro.com.ar\/sitio\/wp-json\/wp\/v2\/posts\/79976\/revisions\/79978"}],"wp:featuredmedia":[{"embeddable":true,"href":"https:\/\/eldiariodesanpedro.com.ar\/sitio\/wp-json\/wp\/v2\/media\/79977"}],"wp:attachment":[{"href":"https:\/\/eldiariodesanpedro.com.ar\/sitio\/wp-json\/wp\/v2\/media?parent=79976"}],"wp:term":[{"taxonomy":"category","embeddable":true,"href":"https:\/\/eldiariodesanpedro.com.ar\/sitio\/wp-json\/wp\/v2\/categories?post=79976"},{"taxonomy":"post_tag","embeddable":true,"href":"https:\/\/eldiariodesanpedro.com.ar\/sitio\/wp-json\/wp\/v2\/tags?post=79976"}],"curies":[{"name":"wp","href":"https:\/\/api.w.org\/{rel}","templated":true}]}}