{"id":79973,"date":"2020-08-25T18:32:37","date_gmt":"2020-08-25T21:32:37","guid":{"rendered":"https:\/\/eldiariodesanpedro.com.ar\/sitio\/?p=79973"},"modified":"2020-08-25T18:32:43","modified_gmt":"2020-08-25T21:32:43","slug":"san-nicolas-el-polo-obrero-se-manifiesta-en-zona-sur-y-norte","status":"publish","type":"post","link":"https:\/\/eldiariodesanpedro.com.ar\/sitio\/san-nicolas-el-polo-obrero-se-manifiesta-en-zona-sur-y-norte\/","title":{"rendered":"SAN NICOL\u00c1S | El Polo Obrero se manifiesta en zona sur y norte"},"content":{"rendered":"<!-- VideographyWP Plugin Message: Automatic video embedding prevented by plugin options. -->\n\n<p>En horas de la ma\u00f1ana de este martes, un grupo de personas se aport\u00f3 en dos puntos de la ciudad impidiendo el tr\u00e1nsito vehicular.<\/p>\n\n\n\n<p>Uno de los cortes est\u00e1 en Ruta 88 a la altura de barrio California y el otro en inmediaciones de D\u00e1maso Valdez y Av. Illia.<\/p>\n\n\n\n<p>Entre los reclamos, solicitan que el municipio permita el acceso de personas a un predio estatal para construir viviendas y pagar por dicho espacio. Adem\u00e1s, agregaron que piden \u00abtrabajo genuino\u00bb.<\/p>\n\n\n\n<p>Fuente: <a href=\"http:\/\/www.diarioelinformante.com.ar\/nota-58729_el-polo-obrero-se-manifiesta-en-zona-sur-y-norte\">Diario El Informante<\/a><\/p>\n","protected":false},"excerpt":{"rendered":"<p>En horas de la ma\u00f1ana de este martes, un grupo de personas se aport\u00f3 en dos puntos de la ciudad impidiendo el tr\u00e1nsito vehicular. Uno de los cortes est\u00e1 en Ruta 88 a la altura de barrio California y el otro en inmediaciones de D\u00e1maso Valdez y Av. Illia. Entre los reclamos, solicitan que el [&hellip;]<\/p>\n","protected":false},"author":4,"featured_media":79974,"comment_status":"open","ping_status":"closed","sticky":false,"template":"","format":"standard","meta":{"om_disable_all_campaigns":false,"_jetpack_memberships_contains_paid_content":false,"footnotes":""},"categories":[621],"tags":[197,681,714],"class_list":["post-79973","post","type-post","status-publish","format-standard","has-post-thumbnail","hentry","category-regionales","tag-buenos-aires","tag-regionales","tag-san-nicolas"],"aioseo_notices":[],"gutentor_comment":0,"jetpack_featured_media_url":"https:\/\/eldiariodesanpedro.com.ar\/sitio\/wp-content\/uploads\/2020\/08\/conmarca27840.jpg","jetpack_shortlink":"https:\/\/wp.me\/p6RhLt-kNT","jetpack_sharing_enabled":true,"_links":{"self":[{"href":"https:\/\/eldiariodesanpedro.com.ar\/sitio\/wp-json\/wp\/v2\/posts\/79973","targetHints":{"allow":["GET"]}}],"collection":[{"href":"https:\/\/eldiariodesanpedro.com.ar\/sitio\/wp-json\/wp\/v2\/posts"}],"about":[{"href":"https:\/\/eldiariodesanpedro.com.ar\/sitio\/wp-json\/wp\/v2\/types\/post"}],"author":[{"embeddable":true,"href":"https:\/\/eldiariodesanpedro.com.ar\/sitio\/wp-json\/wp\/v2\/users\/4"}],"replies":[{"embeddable":true,"href":"https:\/\/eldiariodesanpedro.com.ar\/sitio\/wp-json\/wp\/v2\/comments?post=79973"}],"version-history":[{"count":1,"href":"https:\/\/eldiariodesanpedro.com.ar\/sitio\/wp-json\/wp\/v2\/posts\/79973\/revisions"}],"predecessor-version":[{"id":79975,"href":"https:\/\/eldiariodesanpedro.com.ar\/sitio\/wp-json\/wp\/v2\/posts\/79973\/revisions\/79975"}],"wp:featuredmedia":[{"embeddable":true,"href":"https:\/\/eldiariodesanpedro.com.ar\/sitio\/wp-json\/wp\/v2\/media\/79974"}],"wp:attachment":[{"href":"https:\/\/eldiariodesanpedro.com.ar\/sitio\/wp-json\/wp\/v2\/media?parent=79973"}],"wp:term":[{"taxonomy":"category","embeddable":true,"href":"https:\/\/eldiariodesanpedro.com.ar\/sitio\/wp-json\/wp\/v2\/categories?post=79973"},{"taxonomy":"post_tag","embeddable":true,"href":"https:\/\/eldiariodesanpedro.com.ar\/sitio\/wp-json\/wp\/v2\/tags?post=79973"}],"curies":[{"name":"wp","href":"https:\/\/api.w.org\/{rel}","templated":true}]}}