{"id":79970,"date":"2020-08-25T18:28:29","date_gmt":"2020-08-25T21:28:29","guid":{"rendered":"https:\/\/eldiariodesanpedro.com.ar\/sitio\/?p=79970"},"modified":"2020-08-25T18:28:34","modified_gmt":"2020-08-25T21:28:34","slug":"baradero-se-abrio-la-inscripcion-online-2021-en-unsada","status":"publish","type":"post","link":"https:\/\/eldiariodesanpedro.com.ar\/sitio\/baradero-se-abrio-la-inscripcion-online-2021-en-unsada\/","title":{"rendered":"BARADERO | Se abri\u00f3 la inscripci\u00f3n online 2021 en UNSADA"},"content":{"rendered":"<!-- VideographyWP Plugin Message: Automatic video embedding prevented by plugin options. -->\n\n<p>La Universidad Nacional de San Antonio de Areco (UNSAdA) abri\u00f3 la inscripci\u00f3n online 2021 para sus propuestas de grado (licenciaturas, ingenier\u00edas), pregrado (tecnicaturas universitarias) y Ciclos de Complementaci\u00f3n Curricular. \u2013<\/p>\n\n\n\n<p>Para consultas, est\u00e1n disponibles las siguientes v\u00edas de contacto: www.usanda.edu.ar<br>Correo electr\u00f3nico: alumnos@usada.edu.ar<br>Redes sociales (FB, ITG, Tw): @unsadaoficial<br>Tel\u00e9fono fijo: 02326 453079<br>Whatsapp: +54 9 2326 421167<\/p>\n","protected":false},"excerpt":{"rendered":"<p>La Universidad Nacional de San Antonio de Areco (UNSAdA) abri\u00f3 la inscripci\u00f3n online 2021 para sus propuestas de grado (licenciaturas, ingenier\u00edas), pregrado (tecnicaturas universitarias) y Ciclos de Complementaci\u00f3n Curricular. \u2013 Para consultas, est\u00e1n disponibles las siguientes v\u00edas de contacto: www.usanda.edu.arCorreo electr\u00f3nico: alumnos@usada.edu.arRedes sociales (FB, ITG, Tw): @unsadaoficialTel\u00e9fono fijo: 02326 453079Whatsapp: +54 9 2326 421167<\/p>\n","protected":false},"author":4,"featured_media":79971,"comment_status":"open","ping_status":"closed","sticky":false,"template":"","format":"standard","meta":{"om_disable_all_campaigns":false,"_jetpack_memberships_contains_paid_content":false,"footnotes":""},"categories":[621],"tags":[139,197,681],"class_list":["post-79970","post","type-post","status-publish","format-standard","has-post-thumbnail","hentry","category-regionales","tag-baradero","tag-buenos-aires","tag-regionales"],"aioseo_notices":[],"gutentor_comment":0,"jetpack_featured_media_url":"https:\/\/eldiariodesanpedro.com.ar\/sitio\/wp-content\/uploads\/2020\/08\/unsada.jpg","jetpack_shortlink":"https:\/\/wp.me\/p6RhLt-kNQ","jetpack_sharing_enabled":true,"_links":{"self":[{"href":"https:\/\/eldiariodesanpedro.com.ar\/sitio\/wp-json\/wp\/v2\/posts\/79970","targetHints":{"allow":["GET"]}}],"collection":[{"href":"https:\/\/eldiariodesanpedro.com.ar\/sitio\/wp-json\/wp\/v2\/posts"}],"about":[{"href":"https:\/\/eldiariodesanpedro.com.ar\/sitio\/wp-json\/wp\/v2\/types\/post"}],"author":[{"embeddable":true,"href":"https:\/\/eldiariodesanpedro.com.ar\/sitio\/wp-json\/wp\/v2\/users\/4"}],"replies":[{"embeddable":true,"href":"https:\/\/eldiariodesanpedro.com.ar\/sitio\/wp-json\/wp\/v2\/comments?post=79970"}],"version-history":[{"count":1,"href":"https:\/\/eldiariodesanpedro.com.ar\/sitio\/wp-json\/wp\/v2\/posts\/79970\/revisions"}],"predecessor-version":[{"id":79972,"href":"https:\/\/eldiariodesanpedro.com.ar\/sitio\/wp-json\/wp\/v2\/posts\/79970\/revisions\/79972"}],"wp:featuredmedia":[{"embeddable":true,"href":"https:\/\/eldiariodesanpedro.com.ar\/sitio\/wp-json\/wp\/v2\/media\/79971"}],"wp:attachment":[{"href":"https:\/\/eldiariodesanpedro.com.ar\/sitio\/wp-json\/wp\/v2\/media?parent=79970"}],"wp:term":[{"taxonomy":"category","embeddable":true,"href":"https:\/\/eldiariodesanpedro.com.ar\/sitio\/wp-json\/wp\/v2\/categories?post=79970"},{"taxonomy":"post_tag","embeddable":true,"href":"https:\/\/eldiariodesanpedro.com.ar\/sitio\/wp-json\/wp\/v2\/tags?post=79970"}],"curies":[{"name":"wp","href":"https:\/\/api.w.org\/{rel}","templated":true}]}}