{"id":79966,"date":"2020-08-25T18:26:44","date_gmt":"2020-08-25T21:26:44","guid":{"rendered":"https:\/\/eldiariodesanpedro.com.ar\/sitio\/?p=79966"},"modified":"2020-08-25T18:26:49","modified_gmt":"2020-08-25T21:26:49","slug":"baradero-jardin-905-nos-eliminaron-del-grupo-de-whatsapp-por-estar-en-desacuerdo-con-el-lenguaje-inclusivo","status":"publish","type":"post","link":"https:\/\/eldiariodesanpedro.com.ar\/sitio\/baradero-jardin-905-nos-eliminaron-del-grupo-de-whatsapp-por-estar-en-desacuerdo-con-el-lenguaje-inclusivo\/","title":{"rendered":"BARADERO | Jard\u00edn 905: \u00abNos eliminaron del grupo de Whatsapp por estar en desacuerdo con el lenguaje inclusivo\u00bb"},"content":{"rendered":"<!-- VideographyWP Plugin Message: Automatic video embedding prevented by plugin options. -->\n\n<p>Daniel Tognocchi es abuelo de un nene que asiste al Jard\u00edn N\u00ba 905. A la esposa de Daniel, la eliminaron del grupo de Whatsapp del jard\u00edn por criticar el uso del lenguaje inclusivo.<\/p>\n\n\n\n<p>As\u00ed se expresaba en FM Tiempo, el abuelo del nene:<\/p>\n\n\n\n<p><em>\u00abMi nieto, Andr\u00e9s Ciro, concurre al Jard\u00edn N\u00ba 905. Yo creo que es un jard\u00edn b\u00e1rbaro y aprecio a todo el personal, de hecho mi hermana trabaja ah\u00ed.\u00bb<\/em><\/p>\n\n\n\n<p><em>\u00abEn el grupo de Whatsapp donde se env\u00edan las tareas, suben un video de saludos con la canci\u00f3n de \u2018El Cocodrilo Dante\u2019. La canci\u00f3n no dice nada, el tema es que en el principio del video, dice \u2018Saludos, saluditos y saludotes a todes\u2019. Es una locura total, una gran falta de respeto a las personas que no estamos de acuerdo con su uso.\u00bb<\/em><\/p>\n\n\n\n<p><em>\u00abLa RAE no lo aprob\u00f3 y no tienen por qu\u00e9 imponerlo. Yo sub\u00ed el video al Facebook e hice una cr\u00edtica constructiva. Lo sub\u00ed con un comentario m\u00edo y parece que les molest\u00f3.\u00bb<\/em><\/p>\n\n\n\n<p><em>\u00abMi esposa en el grupo de Whatsapp escribi\u00f3 que le parec\u00eda de mal gusto lo que mandaron y nunca se disculparon.\u00bb<\/em><\/p>\n\n\n\n<p><em>\u00abEn el grupo est\u00e1 la mam\u00e1 de mi nieto y mi esposa. Mi nieto convive m\u00e1s tiempo con nosotros que con la mam\u00e1, porque trabaja ella.\u00bb<\/em><\/p>\n\n\n\n<p><em>\u00abNos eliminaron del grupo de Whatsapp del jard\u00edn por ese comentario. La maestra le dijo por tel\u00e9fono a mi esposa que por orden de un superior, creo que la inspectora, tuvieron que eliminarla del grupo porque ten\u00eda que haber un pap\u00e1 por familia; esa respuesta me parece il\u00f3gica.\u00bb<\/em><\/p>\n\n\n\n<p><em>\u00abMi mujer trat\u00f3 de llamar varias veces a la docente hasta que le contest\u00f3.\u00bb<\/em><\/p>\n\n\n\n<p><em>\u00abYo tal vez yo no tendr\u00eda que haber subido a Facebook lo que puse, pero ellos salieron a querer justificarlo.\u00bb<\/em><\/p>\n\n\n\n<p><em>\u00abEl lenguaje inclusivo es la intenci\u00f3n de un peque\u00f1o grupo de descerebrados. Puede complicar el aprendizaje de los chicos que est\u00e1n aprendiendo a leer o escribir.\u00bb<\/em><\/p>\n\n\n\n<p>Fuente: <a href=\"http:\/\/tiemponoticias.com.ar\/noba\/2020\/08\/25\/jardin-905-nos-eliminaron-del-grupo-de-whatsapp-por-estar-en-desacuerdo-con-el-lenguaje-inclusivo\/\">Tiempo Noticias<\/a><\/p>\n\n\n\n<figure class=\"wp-block-image size-large\"><img decoding=\"async\" width=\"484\" height=\"838\" data-attachment-id=\"79967\" data-permalink=\"https:\/\/eldiariodesanpedro.com.ar\/sitio\/baradero-jardin-905-nos-eliminaron-del-grupo-de-whatsapp-por-estar-en-desacuerdo-con-el-lenguaje-inclusivo\/118397252_1496197937234871_4115672412321274107_n\/\" data-orig-file=\"https:\/\/eldiariodesanpedro.com.ar\/sitio\/wp-content\/uploads\/2020\/08\/118397252_1496197937234871_4115672412321274107_n.jpg\" data-orig-size=\"484,838\" data-comments-opened=\"1\" data-image-meta=\"{&quot;aperture&quot;:&quot;0&quot;,&quot;credit&quot;:&quot;&quot;,&quot;camera&quot;:&quot;&quot;,&quot;caption&quot;:&quot;&quot;,&quot;created_timestamp&quot;:&quot;0&quot;,&quot;copyright&quot;:&quot;&quot;,&quot;focal_length&quot;:&quot;0&quot;,&quot;iso&quot;:&quot;0&quot;,&quot;shutter_speed&quot;:&quot;0&quot;,&quot;title&quot;:&quot;&quot;,&quot;orientation&quot;:&quot;0&quot;}\" data-image-title=\"118397252_1496197937234871_4115672412321274107_n\" data-image-description=\"\" data-image-caption=\"\" data-large-file=\"https:\/\/eldiariodesanpedro.com.ar\/sitio\/wp-content\/uploads\/2020\/08\/118397252_1496197937234871_4115672412321274107_n.jpg\" data-src=\"https:\/\/eldiariodesanpedro.com.ar\/sitio\/wp-content\/uploads\/2020\/08\/118397252_1496197937234871_4115672412321274107_n.jpg\" alt=\"\" class=\"wp-image-79967 lazyload\" data-srcset=\"https:\/\/eldiariodesanpedro.com.ar\/sitio\/wp-content\/uploads\/2020\/08\/118397252_1496197937234871_4115672412321274107_n.jpg 484w, https:\/\/eldiariodesanpedro.com.ar\/sitio\/wp-content\/uploads\/2020\/08\/118397252_1496197937234871_4115672412321274107_n-173x300.jpg 173w\" data-sizes=\"(max-width: 484px) 100vw, 484px\" src=\"data:image\/svg+xml;base64,PHN2ZyB3aWR0aD0iMSIgaGVpZ2h0PSIxIiB4bWxucz0iaHR0cDovL3d3dy53My5vcmcvMjAwMC9zdmciPjwvc3ZnPg==\" style=\"--smush-placeholder-width: 484px; --smush-placeholder-aspect-ratio: 484\/838;\" \/><\/figure>\n","protected":false},"excerpt":{"rendered":"<p>Daniel Tognocchi es abuelo de un nene que asiste al Jard\u00edn N\u00ba 905. A la esposa de Daniel, la eliminaron del grupo de Whatsapp del jard\u00edn por criticar el uso del lenguaje inclusivo. As\u00ed se expresaba en FM Tiempo, el abuelo del nene: \u00abMi nieto, Andr\u00e9s Ciro, concurre al Jard\u00edn N\u00ba 905. Yo creo que [&hellip;]<\/p>\n","protected":false},"author":4,"featured_media":79968,"comment_status":"open","ping_status":"closed","sticky":false,"template":"","format":"standard","meta":{"om_disable_all_campaigns":false,"_jetpack_memberships_contains_paid_content":false,"footnotes":""},"categories":[621],"tags":[139,197,681],"class_list":["post-79966","post","type-post","status-publish","format-standard","has-post-thumbnail","hentry","category-regionales","tag-baradero","tag-buenos-aires","tag-regionales"],"aioseo_notices":[],"gutentor_comment":0,"jetpack_featured_media_url":"https:\/\/eldiariodesanpedro.com.ar\/sitio\/wp-content\/uploads\/2020\/08\/DSC_7349-scaled.jpg","jetpack_shortlink":"https:\/\/wp.me\/p6RhLt-kNM","jetpack_sharing_enabled":true,"_links":{"self":[{"href":"https:\/\/eldiariodesanpedro.com.ar\/sitio\/wp-json\/wp\/v2\/posts\/79966","targetHints":{"allow":["GET"]}}],"collection":[{"href":"https:\/\/eldiariodesanpedro.com.ar\/sitio\/wp-json\/wp\/v2\/posts"}],"about":[{"href":"https:\/\/eldiariodesanpedro.com.ar\/sitio\/wp-json\/wp\/v2\/types\/post"}],"author":[{"embeddable":true,"href":"https:\/\/eldiariodesanpedro.com.ar\/sitio\/wp-json\/wp\/v2\/users\/4"}],"replies":[{"embeddable":true,"href":"https:\/\/eldiariodesanpedro.com.ar\/sitio\/wp-json\/wp\/v2\/comments?post=79966"}],"version-history":[{"count":1,"href":"https:\/\/eldiariodesanpedro.com.ar\/sitio\/wp-json\/wp\/v2\/posts\/79966\/revisions"}],"predecessor-version":[{"id":79969,"href":"https:\/\/eldiariodesanpedro.com.ar\/sitio\/wp-json\/wp\/v2\/posts\/79966\/revisions\/79969"}],"wp:featuredmedia":[{"embeddable":true,"href":"https:\/\/eldiariodesanpedro.com.ar\/sitio\/wp-json\/wp\/v2\/media\/79968"}],"wp:attachment":[{"href":"https:\/\/eldiariodesanpedro.com.ar\/sitio\/wp-json\/wp\/v2\/media?parent=79966"}],"wp:term":[{"taxonomy":"category","embeddable":true,"href":"https:\/\/eldiariodesanpedro.com.ar\/sitio\/wp-json\/wp\/v2\/categories?post=79966"},{"taxonomy":"post_tag","embeddable":true,"href":"https:\/\/eldiariodesanpedro.com.ar\/sitio\/wp-json\/wp\/v2\/tags?post=79966"}],"curies":[{"name":"wp","href":"https:\/\/api.w.org\/{rel}","templated":true}]}}