{"id":79921,"date":"2020-08-25T10:27:39","date_gmt":"2020-08-25T13:27:39","guid":{"rendered":"https:\/\/eldiariodesanpedro.com.ar\/sitio\/?p=79921"},"modified":"2020-08-25T10:27:43","modified_gmt":"2020-08-25T13:27:43","slug":"allanaron-la-casa-del-policia-detenido-por-intento-de-robo-a-un-camion","status":"publish","type":"post","link":"https:\/\/eldiariodesanpedro.com.ar\/sitio\/allanaron-la-casa-del-policia-detenido-por-intento-de-robo-a-un-camion\/","title":{"rendered":"Allanaron la casa del Polic\u00eda detenido por intento de robo a un cami\u00f3n"},"content":{"rendered":"<!-- VideographyWP Plugin Message: Automatic video embedding prevented by plugin options. -->\n\n<p>Durante la jornada de ayer lunes se realiz\u00f3 un allanamiento en el domicilio del polic\u00eda perteneciente a la Polic\u00eda Rural que fue capturado junto a otras dos personas el pasado mi\u00e9rcoles tras tratar de robar un cami\u00f3n en la Ruta 9.<\/p>\n\n\n\n<p>El Polic\u00eda Rural identificado como Dario Perez junto a otras dos personas fueron detenidas el pasado viernes en horas de la tarde tras una persecuci\u00f3n de pel\u00edcula por caminos rurales en la vecina localidad de Baradero, logrando la captura de 3 delincuentes y uno que se dio a la fuga.<\/p>\n\n\n\n<p>El mediod\u00eda de este lunes se llev\u00f3 a cabo un allanamiento por parte de Prefectura San Pedro que dur\u00f3 hasta entrada la tarde en la vivienda ubicada en calle 56 y San Mart\u00edn en el barrio Dipietri donde el polic\u00eda resid\u00eda junto a su mujer y su bebe.<\/p>\n\n\n\n<p>Desafortunadamente la diligencia dio resultados negativos ya que no se pudo encontrar ning\u00fan material vinculado a la causa.<\/p>\n\n\n\n<p>Recordemos que el hecho de \u201cpitateria del asfalto\u201d en el que se encuentra involucrado el oficial Perez ocurri\u00f3 el pasado viernes alrededor de las 17 hs en el km 120 de la ruta nacional 9 con un cami\u00f3n marca Volvo que era conducido por un ch\u00f3fer de nuestra localidad que regresaba de llevar batatas al mercado central y regresaba con una buena suma de dinero. Tras una persecuci\u00f3n fueron detenidos en un camino rural en operativo cerrojo en el que trabajaron varias fuerzas policiales de la vecina ciudad, en el autom\u00f3vil Fiat Palio que circulaba se encontraban cuatro personas de las cuales 3 fueron aprehendidas y una logr\u00f3 darse a la fuga.<\/p>\n\n\n\n<figure class=\"wp-block-image size-large\"><img decoding=\"async\" width=\"640\" height=\"480\" data-attachment-id=\"79923\" data-permalink=\"https:\/\/eldiariodesanpedro.com.ar\/sitio\/allanaron-la-casa-del-policia-detenido-por-intento-de-robo-a-un-camion\/whatsapp-image-2020-08-24-at-23-52-19-1\/\" data-orig-file=\"https:\/\/eldiariodesanpedro.com.ar\/sitio\/wp-content\/uploads\/2020\/08\/WhatsApp-Image-2020-08-24-at-23.52.19-1.jpeg\" data-orig-size=\"640,480\" data-comments-opened=\"1\" data-image-meta=\"{&quot;aperture&quot;:&quot;0&quot;,&quot;credit&quot;:&quot;&quot;,&quot;camera&quot;:&quot;&quot;,&quot;caption&quot;:&quot;&quot;,&quot;created_timestamp&quot;:&quot;0&quot;,&quot;copyright&quot;:&quot;&quot;,&quot;focal_length&quot;:&quot;0&quot;,&quot;iso&quot;:&quot;0&quot;,&quot;shutter_speed&quot;:&quot;0&quot;,&quot;title&quot;:&quot;&quot;,&quot;orientation&quot;:&quot;0&quot;}\" data-image-title=\"WhatsApp Image 2020-08-24 at 23.52.19 (1)\" data-image-description=\"\" data-image-caption=\"\" data-large-file=\"https:\/\/eldiariodesanpedro.com.ar\/sitio\/wp-content\/uploads\/2020\/08\/WhatsApp-Image-2020-08-24-at-23.52.19-1.jpeg\" data-src=\"https:\/\/eldiariodesanpedro.com.ar\/sitio\/wp-content\/uploads\/2020\/08\/WhatsApp-Image-2020-08-24-at-23.52.19-1.jpeg\" alt=\"\" class=\"wp-image-79923 lazyload\" data-srcset=\"https:\/\/eldiariodesanpedro.com.ar\/sitio\/wp-content\/uploads\/2020\/08\/WhatsApp-Image-2020-08-24-at-23.52.19-1.jpeg 640w, https:\/\/eldiariodesanpedro.com.ar\/sitio\/wp-content\/uploads\/2020\/08\/WhatsApp-Image-2020-08-24-at-23.52.19-1-300x225.jpeg 300w, https:\/\/eldiariodesanpedro.com.ar\/sitio\/wp-content\/uploads\/2020\/08\/WhatsApp-Image-2020-08-24-at-23.52.19-1-500x375.jpeg 500w\" data-sizes=\"(max-width: 640px) 100vw, 640px\" src=\"data:image\/svg+xml;base64,PHN2ZyB3aWR0aD0iMSIgaGVpZ2h0PSIxIiB4bWxucz0iaHR0cDovL3d3dy53My5vcmcvMjAwMC9zdmciPjwvc3ZnPg==\" style=\"--smush-placeholder-width: 640px; --smush-placeholder-aspect-ratio: 640\/480;\" \/><\/figure>\n\n\n\n<figure class=\"wp-block-image size-large\"><img decoding=\"async\" width=\"640\" height=\"480\" data-attachment-id=\"79924\" data-permalink=\"https:\/\/eldiariodesanpedro.com.ar\/sitio\/allanaron-la-casa-del-policia-detenido-por-intento-de-robo-a-un-camion\/whatsapp-image-2020-08-24-at-23-52-19\/\" data-orig-file=\"https:\/\/eldiariodesanpedro.com.ar\/sitio\/wp-content\/uploads\/2020\/08\/WhatsApp-Image-2020-08-24-at-23.52.19.jpeg\" data-orig-size=\"640,480\" data-comments-opened=\"1\" data-image-meta=\"{&quot;aperture&quot;:&quot;0&quot;,&quot;credit&quot;:&quot;&quot;,&quot;camera&quot;:&quot;&quot;,&quot;caption&quot;:&quot;&quot;,&quot;created_timestamp&quot;:&quot;0&quot;,&quot;copyright&quot;:&quot;&quot;,&quot;focal_length&quot;:&quot;0&quot;,&quot;iso&quot;:&quot;0&quot;,&quot;shutter_speed&quot;:&quot;0&quot;,&quot;title&quot;:&quot;&quot;,&quot;orientation&quot;:&quot;0&quot;}\" data-image-title=\"WhatsApp Image 2020-08-24 at 23.52.19\" data-image-description=\"\" data-image-caption=\"\" data-large-file=\"https:\/\/eldiariodesanpedro.com.ar\/sitio\/wp-content\/uploads\/2020\/08\/WhatsApp-Image-2020-08-24-at-23.52.19.jpeg\" data-src=\"https:\/\/eldiariodesanpedro.com.ar\/sitio\/wp-content\/uploads\/2020\/08\/WhatsApp-Image-2020-08-24-at-23.52.19.jpeg\" alt=\"\" class=\"wp-image-79924 lazyload\" data-srcset=\"https:\/\/eldiariodesanpedro.com.ar\/sitio\/wp-content\/uploads\/2020\/08\/WhatsApp-Image-2020-08-24-at-23.52.19.jpeg 640w, https:\/\/eldiariodesanpedro.com.ar\/sitio\/wp-content\/uploads\/2020\/08\/WhatsApp-Image-2020-08-24-at-23.52.19-300x225.jpeg 300w, https:\/\/eldiariodesanpedro.com.ar\/sitio\/wp-content\/uploads\/2020\/08\/WhatsApp-Image-2020-08-24-at-23.52.19-500x375.jpeg 500w\" data-sizes=\"(max-width: 640px) 100vw, 640px\" src=\"data:image\/svg+xml;base64,PHN2ZyB3aWR0aD0iMSIgaGVpZ2h0PSIxIiB4bWxucz0iaHR0cDovL3d3dy53My5vcmcvMjAwMC9zdmciPjwvc3ZnPg==\" style=\"--smush-placeholder-width: 640px; --smush-placeholder-aspect-ratio: 640\/480;\" \/><\/figure>\n","protected":false},"excerpt":{"rendered":"<p>Durante la jornada de ayer lunes se realiz\u00f3 un allanamiento en el domicilio del polic\u00eda perteneciente a la Polic\u00eda Rural que fue capturado junto a otras dos personas el pasado mi\u00e9rcoles tras tratar de robar un cami\u00f3n en la Ruta 9. El Polic\u00eda Rural identificado como Dario Perez junto a otras dos personas fueron detenidas [&hellip;]<\/p>\n","protected":false},"author":4,"featured_media":79922,"comment_status":"open","ping_status":"closed","sticky":false,"template":"","format":"standard","meta":{"om_disable_all_campaigns":false,"_jetpack_memberships_contains_paid_content":false,"footnotes":""},"categories":[50,2,103],"tags":[197,33,95],"class_list":["post-79921","post","type-post","status-publish","format-standard","has-post-thumbnail","hentry","category-destacadas","category-locales","category-policiales-locales","tag-buenos-aires","tag-locales","tag-policiales"],"aioseo_notices":[],"gutentor_comment":0,"jetpack_featured_media_url":"https:\/\/eldiariodesanpedro.com.ar\/sitio\/wp-content\/uploads\/2020\/08\/WhatsApp-Image-2020-08-24-at-23.52.18.jpeg","jetpack_shortlink":"https:\/\/wp.me\/p6RhLt-kN3","jetpack_sharing_enabled":true,"_links":{"self":[{"href":"https:\/\/eldiariodesanpedro.com.ar\/sitio\/wp-json\/wp\/v2\/posts\/79921","targetHints":{"allow":["GET"]}}],"collection":[{"href":"https:\/\/eldiariodesanpedro.com.ar\/sitio\/wp-json\/wp\/v2\/posts"}],"about":[{"href":"https:\/\/eldiariodesanpedro.com.ar\/sitio\/wp-json\/wp\/v2\/types\/post"}],"author":[{"embeddable":true,"href":"https:\/\/eldiariodesanpedro.com.ar\/sitio\/wp-json\/wp\/v2\/users\/4"}],"replies":[{"embeddable":true,"href":"https:\/\/eldiariodesanpedro.com.ar\/sitio\/wp-json\/wp\/v2\/comments?post=79921"}],"version-history":[{"count":1,"href":"https:\/\/eldiariodesanpedro.com.ar\/sitio\/wp-json\/wp\/v2\/posts\/79921\/revisions"}],"predecessor-version":[{"id":79925,"href":"https:\/\/eldiariodesanpedro.com.ar\/sitio\/wp-json\/wp\/v2\/posts\/79921\/revisions\/79925"}],"wp:featuredmedia":[{"embeddable":true,"href":"https:\/\/eldiariodesanpedro.com.ar\/sitio\/wp-json\/wp\/v2\/media\/79922"}],"wp:attachment":[{"href":"https:\/\/eldiariodesanpedro.com.ar\/sitio\/wp-json\/wp\/v2\/media?parent=79921"}],"wp:term":[{"taxonomy":"category","embeddable":true,"href":"https:\/\/eldiariodesanpedro.com.ar\/sitio\/wp-json\/wp\/v2\/categories?post=79921"},{"taxonomy":"post_tag","embeddable":true,"href":"https:\/\/eldiariodesanpedro.com.ar\/sitio\/wp-json\/wp\/v2\/tags?post=79921"}],"curies":[{"name":"wp","href":"https:\/\/api.w.org\/{rel}","templated":true}]}}