{"id":79916,"date":"2020-08-25T09:50:25","date_gmt":"2020-08-25T12:50:25","guid":{"rendered":"https:\/\/eldiariodesanpedro.com.ar\/sitio\/?p=79916"},"modified":"2020-08-25T09:50:26","modified_gmt":"2020-08-25T12:50:26","slug":"avanza-la-sala-de-documentacion-historica-del-museo-paleontologico-de-san-pedro","status":"publish","type":"post","link":"https:\/\/eldiariodesanpedro.com.ar\/sitio\/avanza-la-sala-de-documentacion-historica-del-museo-paleontologico-de-san-pedro\/","title":{"rendered":"Avanza la sala de documentaci\u00f3n hist\u00f3rica del Museo Paleontol\u00f3gico de San Pedro"},"content":{"rendered":"<!-- VideographyWP Plugin Message: Automatic video embedding prevented by plugin options. -->\n\n<p>El Grupo Conservacionista de F\u00f3siles avanza con la construcci\u00f3n de la nueva \u201c<strong>Sala de Documentaci\u00f3n Hist\u00f3rica<\/strong>\u201d con la que contar\u00e1 el Museo Paleontol\u00f3gico de nuestra ciudad en los pr\u00f3ximos meses.<\/p>\n\n\n\n<p>A pesar de las limitaciones que impone la pandemia, el equipo del museo continua con el armado de este nuevo espacio y para ello cuenta con el apoyo del&nbsp;<strong>Departamento Ejecutivo<\/strong>&nbsp;y la&nbsp;<strong>Secretar\u00eda de Coordinaci\u00f3n General&nbsp;<\/strong>del Municipio, adem\u00e1s de firmas comerciales como&nbsp;<strong>Guly SA<\/strong>,&nbsp;<strong>Empresa Sp\u00f3sito<\/strong>&nbsp;y&nbsp;<strong>Maderera El Para\u00edso<\/strong>, que ya han contribuido con diferentes elementos.<\/p>\n\n\n\n<p>Para la creaci\u00f3n de este lugar, que albergar\u00e1 la mayor colecci\u00f3n de documentos escritos que hoy posee la ciudad, la cual fue cedida por la&nbsp;<strong><em>Corte Suprema de Justicia de la Provincia<\/em><\/strong>, se ha ganado un sector al patio trasero de la instituci\u00f3n, lo cual permitir\u00e1 montar el lugar apropiado para un archivo hist\u00f3rico.<\/p>\n\n\n\n<p>En los \u00faltimos d\u00edas, el Municipio, a trav\u00e9s del&nbsp;<strong>decreto 0720-2020<\/strong>, declar\u00f3 de&nbsp;<strong>Inter\u00e9s Municipal<\/strong>&nbsp;la guarda de dicha documentaci\u00f3n y la construcci\u00f3n del lugar donde quedar\u00e1 acondicionada.<\/p>\n\n\n\n<p>Este espacio, adem\u00e1s del fondo documental cedido por la Corte, contar\u00e1 con un banco de m\u00e1s de 3.000 im\u00e1genes digitalizadas de diferentes \u00e9pocas y tem\u00e1ticas que tienen que ver con el pasado de nuestro partido. Asimismo, el Grupo Conservacionista est\u00e1 recibiendo objetos, fotos, material gr\u00e1fico y diversos documentos escritos aportados por diferentes familias de nuestra ciudad (Oromez, Correa, Antonelli, P\u00e9rez-Toscanini, Zabala, Prado, entre otras).<\/p>\n\n\n\n<p>En este sentido, el equipo del museo invita a todos aquellos que deseen sumar alg\u00fan tipo de material hist\u00f3rico o permitir su digitalizaci\u00f3n, a comunicarse al\u00a0<strong>whatsapp 3329-537187<\/strong>.\u00a0 \u00a0 \u00a0 \u00a0\u00a0<\/p>\n\n\n\n<figure class=\"wp-block-image size-large\"><img decoding=\"async\" width=\"1024\" height=\"576\" data-attachment-id=\"79919\" data-permalink=\"https:\/\/eldiariodesanpedro.com.ar\/sitio\/avanza-la-sala-de-documentacion-historica-del-museo-paleontologico-de-san-pedro\/img-20200810-wa0037\/\" data-orig-file=\"https:\/\/eldiariodesanpedro.com.ar\/sitio\/wp-content\/uploads\/2020\/08\/IMG-20200810-WA0037.jpg\" data-orig-size=\"1032,581\" data-comments-opened=\"1\" data-image-meta=\"{&quot;aperture&quot;:&quot;0&quot;,&quot;credit&quot;:&quot;&quot;,&quot;camera&quot;:&quot;&quot;,&quot;caption&quot;:&quot;&quot;,&quot;created_timestamp&quot;:&quot;0&quot;,&quot;copyright&quot;:&quot;&quot;,&quot;focal_length&quot;:&quot;0&quot;,&quot;iso&quot;:&quot;0&quot;,&quot;shutter_speed&quot;:&quot;0&quot;,&quot;title&quot;:&quot;&quot;,&quot;orientation&quot;:&quot;0&quot;}\" data-image-title=\"IMG-20200810-WA0037\" data-image-description=\"\" data-image-caption=\"\" data-large-file=\"https:\/\/eldiariodesanpedro.com.ar\/sitio\/wp-content\/uploads\/2020\/08\/IMG-20200810-WA0037-1024x576.jpg\" data-src=\"https:\/\/eldiariodesanpedro.com.ar\/sitio\/wp-content\/uploads\/2020\/08\/IMG-20200810-WA0037-1024x576.jpg\" alt=\"\" class=\"wp-image-79919 lazyload\" data-srcset=\"https:\/\/eldiariodesanpedro.com.ar\/sitio\/wp-content\/uploads\/2020\/08\/IMG-20200810-WA0037-1024x576.jpg 1024w, https:\/\/eldiariodesanpedro.com.ar\/sitio\/wp-content\/uploads\/2020\/08\/IMG-20200810-WA0037-300x169.jpg 300w, https:\/\/eldiariodesanpedro.com.ar\/sitio\/wp-content\/uploads\/2020\/08\/IMG-20200810-WA0037-768x432.jpg 768w, https:\/\/eldiariodesanpedro.com.ar\/sitio\/wp-content\/uploads\/2020\/08\/IMG-20200810-WA0037-800x450.jpg 800w, https:\/\/eldiariodesanpedro.com.ar\/sitio\/wp-content\/uploads\/2020\/08\/IMG-20200810-WA0037.jpg 1032w\" data-sizes=\"(max-width: 1024px) 100vw, 1024px\" src=\"data:image\/svg+xml;base64,PHN2ZyB3aWR0aD0iMSIgaGVpZ2h0PSIxIiB4bWxucz0iaHR0cDovL3d3dy53My5vcmcvMjAwMC9zdmciPjwvc3ZnPg==\" style=\"--smush-placeholder-width: 1024px; --smush-placeholder-aspect-ratio: 1024\/576;\" \/><\/figure>\n\n\n\n<figure class=\"wp-block-image size-large\"><img decoding=\"async\" width=\"1024\" height=\"576\" data-attachment-id=\"79917\" data-permalink=\"https:\/\/eldiariodesanpedro.com.ar\/sitio\/avanza-la-sala-de-documentacion-historica-del-museo-paleontologico-de-san-pedro\/img_20200822_143500\/\" data-orig-file=\"https:\/\/eldiariodesanpedro.com.ar\/sitio\/wp-content\/uploads\/2020\/08\/IMG_20200822_143500.jpg\" data-orig-size=\"1536,864\" data-comments-opened=\"1\" data-image-meta=\"{&quot;aperture&quot;:&quot;2&quot;,&quot;credit&quot;:&quot;&quot;,&quot;camera&quot;:&quot;LG-X230&quot;,&quot;caption&quot;:&quot;&quot;,&quot;created_timestamp&quot;:&quot;1598106902&quot;,&quot;copyright&quot;:&quot;&quot;,&quot;focal_length&quot;:&quot;3.5&quot;,&quot;iso&quot;:&quot;1624&quot;,&quot;shutter_speed&quot;:&quot;0.100006&quot;,&quot;title&quot;:&quot;&quot;,&quot;orientation&quot;:&quot;1&quot;}\" data-image-title=\"IMG_20200822_143500\" data-image-description=\"\" data-image-caption=\"\" data-large-file=\"https:\/\/eldiariodesanpedro.com.ar\/sitio\/wp-content\/uploads\/2020\/08\/IMG_20200822_143500-1024x576.jpg\" data-src=\"https:\/\/eldiariodesanpedro.com.ar\/sitio\/wp-content\/uploads\/2020\/08\/IMG_20200822_143500-1024x576.jpg\" alt=\"\" class=\"wp-image-79917 lazyload\" data-srcset=\"https:\/\/eldiariodesanpedro.com.ar\/sitio\/wp-content\/uploads\/2020\/08\/IMG_20200822_143500-1024x576.jpg 1024w, https:\/\/eldiariodesanpedro.com.ar\/sitio\/wp-content\/uploads\/2020\/08\/IMG_20200822_143500-300x169.jpg 300w, https:\/\/eldiariodesanpedro.com.ar\/sitio\/wp-content\/uploads\/2020\/08\/IMG_20200822_143500-768x432.jpg 768w, https:\/\/eldiariodesanpedro.com.ar\/sitio\/wp-content\/uploads\/2020\/08\/IMG_20200822_143500-800x450.jpg 800w, https:\/\/eldiariodesanpedro.com.ar\/sitio\/wp-content\/uploads\/2020\/08\/IMG_20200822_143500.jpg 1536w\" data-sizes=\"(max-width: 1024px) 100vw, 1024px\" src=\"data:image\/svg+xml;base64,PHN2ZyB3aWR0aD0iMSIgaGVpZ2h0PSIxIiB4bWxucz0iaHR0cDovL3d3dy53My5vcmcvMjAwMC9zdmciPjwvc3ZnPg==\" style=\"--smush-placeholder-width: 1024px; --smush-placeholder-aspect-ratio: 1024\/576;\" \/><\/figure>\n","protected":false},"excerpt":{"rendered":"<p>El Grupo Conservacionista de F\u00f3siles avanza con la construcci\u00f3n de la nueva \u201cSala de Documentaci\u00f3n Hist\u00f3rica\u201d con la que contar\u00e1 el Museo Paleontol\u00f3gico de nuestra ciudad en los pr\u00f3ximos meses. A pesar de las limitaciones que impone la pandemia, el equipo del museo continua con el armado de este nuevo espacio y para ello cuenta [&hellip;]<\/p>\n","protected":false},"author":4,"featured_media":79918,"comment_status":"open","ping_status":"closed","sticky":false,"template":"","format":"standard","meta":{"om_disable_all_campaigns":false,"_jetpack_memberships_contains_paid_content":false,"footnotes":""},"categories":[101,2],"tags":[197,696,33],"class_list":["post-79916","post","type-post","status-publish","format-standard","has-post-thumbnail","hentry","category-interes-general-locales","category-locales","tag-buenos-aires","tag-interes-general","tag-locales"],"aioseo_notices":[],"gutentor_comment":0,"jetpack_featured_media_url":"https:\/\/eldiariodesanpedro.com.ar\/sitio\/wp-content\/uploads\/2020\/08\/IMG_20200819_220719_731.jpg","jetpack_shortlink":"https:\/\/wp.me\/p6RhLt-kMY","jetpack_sharing_enabled":true,"_links":{"self":[{"href":"https:\/\/eldiariodesanpedro.com.ar\/sitio\/wp-json\/wp\/v2\/posts\/79916","targetHints":{"allow":["GET"]}}],"collection":[{"href":"https:\/\/eldiariodesanpedro.com.ar\/sitio\/wp-json\/wp\/v2\/posts"}],"about":[{"href":"https:\/\/eldiariodesanpedro.com.ar\/sitio\/wp-json\/wp\/v2\/types\/post"}],"author":[{"embeddable":true,"href":"https:\/\/eldiariodesanpedro.com.ar\/sitio\/wp-json\/wp\/v2\/users\/4"}],"replies":[{"embeddable":true,"href":"https:\/\/eldiariodesanpedro.com.ar\/sitio\/wp-json\/wp\/v2\/comments?post=79916"}],"version-history":[{"count":1,"href":"https:\/\/eldiariodesanpedro.com.ar\/sitio\/wp-json\/wp\/v2\/posts\/79916\/revisions"}],"predecessor-version":[{"id":79920,"href":"https:\/\/eldiariodesanpedro.com.ar\/sitio\/wp-json\/wp\/v2\/posts\/79916\/revisions\/79920"}],"wp:featuredmedia":[{"embeddable":true,"href":"https:\/\/eldiariodesanpedro.com.ar\/sitio\/wp-json\/wp\/v2\/media\/79918"}],"wp:attachment":[{"href":"https:\/\/eldiariodesanpedro.com.ar\/sitio\/wp-json\/wp\/v2\/media?parent=79916"}],"wp:term":[{"taxonomy":"category","embeddable":true,"href":"https:\/\/eldiariodesanpedro.com.ar\/sitio\/wp-json\/wp\/v2\/categories?post=79916"},{"taxonomy":"post_tag","embeddable":true,"href":"https:\/\/eldiariodesanpedro.com.ar\/sitio\/wp-json\/wp\/v2\/tags?post=79916"}],"curies":[{"name":"wp","href":"https:\/\/api.w.org\/{rel}","templated":true}]}}