{"id":79905,"date":"2020-08-24T20:26:28","date_gmt":"2020-08-24T23:26:28","guid":{"rendered":"https:\/\/eldiariodesanpedro.com.ar\/sitio\/?p=79905"},"modified":"2020-08-24T20:26:31","modified_gmt":"2020-08-24T23:26:31","slug":"cambian-las-condiciones-del-tiempo","status":"publish","type":"post","link":"https:\/\/eldiariodesanpedro.com.ar\/sitio\/cambian-las-condiciones-del-tiempo\/","title":{"rendered":"Cambian las condiciones del tiempo"},"content":{"rendered":"<!-- VideographyWP Plugin Message: Automatic video embedding prevented by plugin options. -->\n\n<p>Una extensa vaguada en altura que avanza desde las costas de Chile, cruzar\u00e1 el territorio nacional durante ma\u00f1ana Martes y el Mi\u00e9rcoles, generando inestabilidad asociada a lluvias y tormentas de variada intensidad.<\/p>\n\n\n\n<p>La \u00faltima actualizaci\u00f3n de los modelos, indican que la probabilidad de precipitaciones aumente desde la madrugada, junto a la humedad y nubosidad en aumento.<\/p>\n\n\n\n<p>Desde la ma\u00f1ana ya comenzar\u00e1 a llover en varios sectores y se extender\u00e1 durante el mediod\u00eda y la tarde. A la noche, puede que no llueva debido a mejoras temporarias, pero la inestabilidad tambi\u00e9n abarca al d\u00eda Mi\u00e9rcoles, siempre con lluvias.<\/p>\n\n\n\n<p>Concretamente en Caba, Gba y alrededores, se esperan lluvias, chaparrones y tormentas aisladas entre ma\u00f1ana y el Mi\u00e9rcoles, con mejoras temporarias y dentro de una masa de aire templada y h\u00fameda.<br>No se esperan tormentas ni vientos fuertes.<\/p>\n\n\n\n<p>Las lluvias que pueden llegar en las pr\u00f3ximas 36 horas, ser\u00e1n un gran alivio para todas las zonas que sufren la ya sabida sequ\u00eda y podr\u00e1n ayudar a apagar los m\u00faltiples focos de incendio presentes. Que as\u00ed sea.<\/p>\n\n\n\n<figure class=\"wp-block-image size-large\"><img decoding=\"async\" width=\"960\" height=\"576\" data-attachment-id=\"79907\" data-permalink=\"https:\/\/eldiariodesanpedro.com.ar\/sitio\/cambian-las-condiciones-del-tiempo\/118407985_1421108094751483_3290444269514547361_n\/\" data-orig-file=\"https:\/\/eldiariodesanpedro.com.ar\/sitio\/wp-content\/uploads\/2020\/08\/118407985_1421108094751483_3290444269514547361_n.jpg\" data-orig-size=\"960,576\" data-comments-opened=\"1\" data-image-meta=\"{&quot;aperture&quot;:&quot;0&quot;,&quot;credit&quot;:&quot;&quot;,&quot;camera&quot;:&quot;&quot;,&quot;caption&quot;:&quot;&quot;,&quot;created_timestamp&quot;:&quot;0&quot;,&quot;copyright&quot;:&quot;&quot;,&quot;focal_length&quot;:&quot;0&quot;,&quot;iso&quot;:&quot;0&quot;,&quot;shutter_speed&quot;:&quot;0&quot;,&quot;title&quot;:&quot;&quot;,&quot;orientation&quot;:&quot;0&quot;}\" data-image-title=\"118407985_1421108094751483_3290444269514547361_n\" data-image-description=\"\" data-image-caption=\"\" data-large-file=\"https:\/\/eldiariodesanpedro.com.ar\/sitio\/wp-content\/uploads\/2020\/08\/118407985_1421108094751483_3290444269514547361_n.jpg\" data-src=\"https:\/\/eldiariodesanpedro.com.ar\/sitio\/wp-content\/uploads\/2020\/08\/118407985_1421108094751483_3290444269514547361_n.jpg\" alt=\"\" class=\"wp-image-79907 lazyload\" data-srcset=\"https:\/\/eldiariodesanpedro.com.ar\/sitio\/wp-content\/uploads\/2020\/08\/118407985_1421108094751483_3290444269514547361_n.jpg 960w, https:\/\/eldiariodesanpedro.com.ar\/sitio\/wp-content\/uploads\/2020\/08\/118407985_1421108094751483_3290444269514547361_n-300x180.jpg 300w, https:\/\/eldiariodesanpedro.com.ar\/sitio\/wp-content\/uploads\/2020\/08\/118407985_1421108094751483_3290444269514547361_n-768x461.jpg 768w\" data-sizes=\"(max-width: 960px) 100vw, 960px\" src=\"data:image\/svg+xml;base64,PHN2ZyB3aWR0aD0iMSIgaGVpZ2h0PSIxIiB4bWxucz0iaHR0cDovL3d3dy53My5vcmcvMjAwMC9zdmciPjwvc3ZnPg==\" style=\"--smush-placeholder-width: 960px; --smush-placeholder-aspect-ratio: 960\/576;\" \/><\/figure>\n\n\n\n<figure class=\"wp-block-image size-large\"><img decoding=\"async\" width=\"649\" height=\"960\" data-attachment-id=\"79908\" data-permalink=\"https:\/\/eldiariodesanpedro.com.ar\/sitio\/cambian-las-condiciones-del-tiempo\/118471085_1421108128084813_6637247288330227218_n\/\" data-orig-file=\"https:\/\/eldiariodesanpedro.com.ar\/sitio\/wp-content\/uploads\/2020\/08\/118471085_1421108128084813_6637247288330227218_n.jpg\" data-orig-size=\"649,960\" data-comments-opened=\"1\" data-image-meta=\"{&quot;aperture&quot;:&quot;0&quot;,&quot;credit&quot;:&quot;&quot;,&quot;camera&quot;:&quot;&quot;,&quot;caption&quot;:&quot;&quot;,&quot;created_timestamp&quot;:&quot;0&quot;,&quot;copyright&quot;:&quot;&quot;,&quot;focal_length&quot;:&quot;0&quot;,&quot;iso&quot;:&quot;0&quot;,&quot;shutter_speed&quot;:&quot;0&quot;,&quot;title&quot;:&quot;&quot;,&quot;orientation&quot;:&quot;0&quot;}\" data-image-title=\"118471085_1421108128084813_6637247288330227218_n\" data-image-description=\"\" data-image-caption=\"\" data-large-file=\"https:\/\/eldiariodesanpedro.com.ar\/sitio\/wp-content\/uploads\/2020\/08\/118471085_1421108128084813_6637247288330227218_n.jpg\" data-src=\"https:\/\/eldiariodesanpedro.com.ar\/sitio\/wp-content\/uploads\/2020\/08\/118471085_1421108128084813_6637247288330227218_n.jpg\" alt=\"\" class=\"wp-image-79908 lazyload\" data-srcset=\"https:\/\/eldiariodesanpedro.com.ar\/sitio\/wp-content\/uploads\/2020\/08\/118471085_1421108128084813_6637247288330227218_n.jpg 649w, https:\/\/eldiariodesanpedro.com.ar\/sitio\/wp-content\/uploads\/2020\/08\/118471085_1421108128084813_6637247288330227218_n-203x300.jpg 203w\" data-sizes=\"(max-width: 649px) 100vw, 649px\" src=\"data:image\/svg+xml;base64,PHN2ZyB3aWR0aD0iMSIgaGVpZ2h0PSIxIiB4bWxucz0iaHR0cDovL3d3dy53My5vcmcvMjAwMC9zdmciPjwvc3ZnPg==\" style=\"--smush-placeholder-width: 649px; --smush-placeholder-aspect-ratio: 649\/960;\" \/><\/figure>\n\n\n\n<p>Fuente: <a href=\"https:\/\/www.facebook.com\/meteodelta\">Meteo Delta<\/a><\/p>\n","protected":false},"excerpt":{"rendered":"<p>Una extensa vaguada en altura que avanza desde las costas de Chile, cruzar\u00e1 el territorio nacional durante ma\u00f1ana Martes y el Mi\u00e9rcoles, generando inestabilidad asociada a lluvias y tormentas de variada intensidad. La \u00faltima actualizaci\u00f3n de los modelos, indican que la probabilidad de precipitaciones aumente desde la madrugada, junto a la humedad y nubosidad en [&hellip;]<\/p>\n","protected":false},"author":4,"featured_media":79906,"comment_status":"open","ping_status":"closed","sticky":false,"template":"","format":"standard","meta":{"om_disable_all_campaigns":false,"_jetpack_memberships_contains_paid_content":false,"footnotes":""},"categories":[101,2],"tags":[197,696,33],"class_list":["post-79905","post","type-post","status-publish","format-standard","has-post-thumbnail","hentry","category-interes-general-locales","category-locales","tag-buenos-aires","tag-interes-general","tag-locales"],"aioseo_notices":[],"gutentor_comment":0,"jetpack_featured_media_url":"https:\/\/eldiariodesanpedro.com.ar\/sitio\/wp-content\/uploads\/2020\/08\/Sin-t\u00edtulo-1-3.jpg","jetpack_shortlink":"https:\/\/wp.me\/p6RhLt-kMN","jetpack_sharing_enabled":true,"_links":{"self":[{"href":"https:\/\/eldiariodesanpedro.com.ar\/sitio\/wp-json\/wp\/v2\/posts\/79905","targetHints":{"allow":["GET"]}}],"collection":[{"href":"https:\/\/eldiariodesanpedro.com.ar\/sitio\/wp-json\/wp\/v2\/posts"}],"about":[{"href":"https:\/\/eldiariodesanpedro.com.ar\/sitio\/wp-json\/wp\/v2\/types\/post"}],"author":[{"embeddable":true,"href":"https:\/\/eldiariodesanpedro.com.ar\/sitio\/wp-json\/wp\/v2\/users\/4"}],"replies":[{"embeddable":true,"href":"https:\/\/eldiariodesanpedro.com.ar\/sitio\/wp-json\/wp\/v2\/comments?post=79905"}],"version-history":[{"count":1,"href":"https:\/\/eldiariodesanpedro.com.ar\/sitio\/wp-json\/wp\/v2\/posts\/79905\/revisions"}],"predecessor-version":[{"id":79909,"href":"https:\/\/eldiariodesanpedro.com.ar\/sitio\/wp-json\/wp\/v2\/posts\/79905\/revisions\/79909"}],"wp:featuredmedia":[{"embeddable":true,"href":"https:\/\/eldiariodesanpedro.com.ar\/sitio\/wp-json\/wp\/v2\/media\/79906"}],"wp:attachment":[{"href":"https:\/\/eldiariodesanpedro.com.ar\/sitio\/wp-json\/wp\/v2\/media?parent=79905"}],"wp:term":[{"taxonomy":"category","embeddable":true,"href":"https:\/\/eldiariodesanpedro.com.ar\/sitio\/wp-json\/wp\/v2\/categories?post=79905"},{"taxonomy":"post_tag","embeddable":true,"href":"https:\/\/eldiariodesanpedro.com.ar\/sitio\/wp-json\/wp\/v2\/tags?post=79905"}],"curies":[{"name":"wp","href":"https:\/\/api.w.org\/{rel}","templated":true}]}}